{"id":10395,"date":"2017-03-01T08:45:03","date_gmt":"2017-03-01T07:45:03","guid":{"rendered":"http:\/\/datastorica.agenziacalendario.com\/?p=10395"},"modified":"2017-02-28T15:29:42","modified_gmt":"2017-02-28T14:29:42","slug":"150-anni-fa-nasce-don-giuseppe-gervasini-il-pret-de-ratana","status":"publish","type":"post","link":"https:\/\/datastorica.it\/blog\/2017\/03\/01\/150-anni-fa-nasce-don-giuseppe-gervasini-il-pret-de-ratana\/","title":{"rendered":"150 anni fa nasce don Giuseppe Gervasini, il &#8220;pret de Ratan\u00e0&#8221;"},"content":{"rendered":"<p>L&#8217;1 marzo 1867 nasce Sant&#8217;Ambrogio Olona (allora n provincia di Varese, oggi un quartiere della citt\u00e0 lombarda) Giuseppe Gervasini, il celebre &#8220;pret de Ratan\u00e0&#8221;. Appassionato di botanica e medicina, decide di prendere i voti sacerdotali: ordinato sacerdote nel Duomo di Milano nel 1892, celebra la sua prima messa a Sant&#8217;Ambrogio Olona. Diventa famoso come guaritore, specialmente tra i poveri, che cura gratuitamente. Considerato veggente e &#8216;stregone&#8217;, leggendario per i modi bruschi che riserva in modo particolare alle donne, la Curia lo trasferisce frequentemente da una parrocchia all&#8217;altra: da Pogliano Milanese a Cabiate, a San Vittore al Corpo di Milano, a Dergano, a Peregallo di Lesmo fino a Retenate (un tempo frazione di Vignate e ora nel territorio del Comune di Rodano), localit\u00e0 che gli vale il soprannome con cui \u00e8 ancora conosciuto e arriva a sospenderlo a divinis. In seguito \u00e8 reintegrato nella Chiesa e nel 1926 riceve in dono per riconoscenza da un uomo che ha guarito una piccola casa in Via Fratelli Zoia, in prossimit\u00e0 della Cascina Linterno, situata oggi nel comune di Milano, nella zona di Baggio ai confini del parco delle Cave, dove si trasfersce e continua a operare. Si dice che don Gervasini viva di nulla e doni ai poveri tutto ci\u00f2 che ha. Sulla sua porta sempre ceste di pane a disposizione di chi aveva fame. Oggi si pensa che fosse un omeopata all&#8217;avanguardia. Don Gervasini muore il 22 novembre 1941 a Milano dopo aver ricevuto dall&#8217;Arcivescovo di Milano Ildefonso Schuster la benedizione.I suoi beneficati lo ringraziano facendone scolpire un busto a grandezza naturale da porre sulla sua tomba, al Cimitero monumentale, che \u00e8 meta continua di pellegrinaggi di devoti che la coprono di fiori, lumini ed ex voto.<\/p>\n","protected":false},"excerpt":{"rendered":"<p>L&#8217;1 marzo 1867 nasce Sant&#8217;Ambrogio Olona (allora n provincia di Varese, oggi un quartiere della citt\u00e0 lombarda) Giuseppe Gervasini, il celebre &#8220;pret de Ratan\u00e0&#8221;. Appassionato di botanica e medicina, decide di prendere i voti sacerdotali: ordinato sacerdote nel Duomo di Milano nel 1892, celebra la sua prima messa a Sant&#8217;Ambrogio Olona. Diventa famoso come guaritore, [&hellip;]<\/p>\n","protected":false},"author":1,"featured_media":0,"comment_status":"open","ping_status":"open","sticky":false,"template":"","format":"standard","meta":{"footnotes":""},"categories":[],"tags":[],"class_list":["post-10395","post","type-post","status-publish","format-standard","hentry"],"_links":{"self":[{"href":"https:\/\/datastorica.it\/blog\/wp-json\/wp\/v2\/posts\/10395","targetHints":{"allow":["GET"]}}],"collection":[{"href":"https:\/\/datastorica.it\/blog\/wp-json\/wp\/v2\/posts"}],"about":[{"href":"https:\/\/datastorica.it\/blog\/wp-json\/wp\/v2\/types\/post"}],"author":[{"embeddable":true,"href":"https:\/\/datastorica.it\/blog\/wp-json\/wp\/v2\/users\/1"}],"replies":[{"embeddable":true,"href":"https:\/\/datastorica.it\/blog\/wp-json\/wp\/v2\/comments?post=10395"}],"version-history":[{"count":1,"href":"https:\/\/datastorica.it\/blog\/wp-json\/wp\/v2\/posts\/10395\/revisions"}],"predecessor-version":[{"id":10396,"href":"https:\/\/datastorica.it\/blog\/wp-json\/wp\/v2\/posts\/10395\/revisions\/10396"}],"wp:attachment":[{"href":"https:\/\/datastorica.it\/blog\/wp-json\/wp\/v2\/media?parent=10395"}],"wp:term":[{"taxonomy":"category","embeddable":true,"href":"https:\/\/datastorica.it\/blog\/wp-json\/wp\/v2\/categories?post=10395"},{"taxonomy":"post_tag","embeddable":true,"href":"https:\/\/datastorica.it\/blog\/wp-json\/wp\/v2\/tags?post=10395"}],"curies":[{"name":"wp","href":"https:\/\/api.w.org\/{rel}","templated":true}]}}