{"id":10417,"date":"2017-03-02T09:32:58","date_gmt":"2017-03-02T08:32:58","guid":{"rendered":"http:\/\/datastorica.agenziacalendario.com\/?p=10417"},"modified":"2017-03-01T19:34:09","modified_gmt":"2017-03-01T18:34:09","slug":"200-anni-fa-nasce-janos-arany-il-maggiore-poeta-epico-ungherese","status":"publish","type":"post","link":"https:\/\/datastorica.it\/blog\/2017\/03\/02\/200-anni-fa-nasce-janos-arany-il-maggiore-poeta-epico-ungherese\/","title":{"rendered":"200 anni fa nasce Janos Arany, il maggiore poeta epico ungherese"},"content":{"rendered":"<p>Il 2 marzo 1817 nasce a Nagyszalonta (Ungheria) Janos Arany, considerato il maggiore poeta epico ungherese e un notevole lirico. Nato da una famiglia contadina di origine nobiliare, Arany diventa uno dei personaggi pi\u00f9 in vista della vita intellettuale ungherese: \u00e8 direttore di importanti riviste letterarie (Figyel\u00f6, Koszoru), direttore della Societ\u00e0 Letteraria Kisfaludy, segretario dell&#8217;Accademia d&#8217;Ungheria. Tali cariche lo rendono addirittura il dominatore della vita letteraria ungherese dal 1865 al 1879. Oltre alla trilogia Toldi e alla trilogia unna (Keveh\u00e1za, Buda hal\u00e1la, Csaba Kir\u00e1lyfi), Arany scrive due poemi politico-satirici, una fiaba in versi, un poema psicologico e uno autobiografico, nonch\u00e9 una nutrita serie di poesie epiche minori, tra le quali un posto particolare spetta alle ballate. Per i poemi &#8220;La morte di Buda&#8221; e &#8220;Il Principe Csaba&#8221;, Arany \u00e8 considerato, insieme a V\u00f6r\u00f6smarty, il creatore della mitologia ungherese; per la prima e la terza parte della trilogia Toldi (Toldi e La sera di Toldi) \u00e8 ritenuto il creatore del populismo estetico. Arany muore il 22 ottobre 1882 a Budapest (Ungheria).<\/p>\n","protected":false},"excerpt":{"rendered":"<p>Il 2 marzo 1817 nasce a Nagyszalonta (Ungheria) Janos Arany, considerato il maggiore poeta epico ungherese e un notevole lirico. Nato da una famiglia contadina di origine nobiliare, Arany diventa uno dei personaggi pi\u00f9 in vista della vita intellettuale ungherese: \u00e8 direttore di importanti riviste letterarie (Figyel\u00f6, Koszoru), direttore della Societ\u00e0 Letteraria Kisfaludy, segretario dell&#8217;Accademia [&hellip;]<\/p>\n","protected":false},"author":1,"featured_media":0,"comment_status":"open","ping_status":"open","sticky":false,"template":"","format":"standard","meta":{"footnotes":""},"categories":[],"tags":[],"class_list":["post-10417","post","type-post","status-publish","format-standard","hentry"],"_links":{"self":[{"href":"https:\/\/datastorica.it\/blog\/wp-json\/wp\/v2\/posts\/10417","targetHints":{"allow":["GET"]}}],"collection":[{"href":"https:\/\/datastorica.it\/blog\/wp-json\/wp\/v2\/posts"}],"about":[{"href":"https:\/\/datastorica.it\/blog\/wp-json\/wp\/v2\/types\/post"}],"author":[{"embeddable":true,"href":"https:\/\/datastorica.it\/blog\/wp-json\/wp\/v2\/users\/1"}],"replies":[{"embeddable":true,"href":"https:\/\/datastorica.it\/blog\/wp-json\/wp\/v2\/comments?post=10417"}],"version-history":[{"count":1,"href":"https:\/\/datastorica.it\/blog\/wp-json\/wp\/v2\/posts\/10417\/revisions"}],"predecessor-version":[{"id":10418,"href":"https:\/\/datastorica.it\/blog\/wp-json\/wp\/v2\/posts\/10417\/revisions\/10418"}],"wp:attachment":[{"href":"https:\/\/datastorica.it\/blog\/wp-json\/wp\/v2\/media?parent=10417"}],"wp:term":[{"taxonomy":"category","embeddable":true,"href":"https:\/\/datastorica.it\/blog\/wp-json\/wp\/v2\/categories?post=10417"},{"taxonomy":"post_tag","embeddable":true,"href":"https:\/\/datastorica.it\/blog\/wp-json\/wp\/v2\/tags?post=10417"}],"curies":[{"name":"wp","href":"https:\/\/api.w.org\/{rel}","templated":true}]}}