{"id":10661,"date":"2017-03-17T15:00:11","date_gmt":"2017-03-17T14:00:11","guid":{"rendered":"http:\/\/datastorica.agenziacalendario.com\/?p=10661"},"modified":"2017-03-16T11:57:14","modified_gmt":"2017-03-16T10:57:14","slug":"20-anni-fa-stefano-rodota-eletto-primo-presidente-dellautorita-garante-della-privacy","status":"publish","type":"post","link":"https:\/\/datastorica.it\/blog\/2017\/03\/17\/20-anni-fa-stefano-rodota-eletto-primo-presidente-dellautorita-garante-della-privacy\/","title":{"rendered":"20 anni fa Stefano Rodot\u00e0 eletto primo presidente dell&#8217;Autorit\u00e0 garante della privacy"},"content":{"rendered":"<p>Il 17 marzo 1997 a Roma il professor Stefano Rodot\u00e0 viene eletto come primo presidente dell&#8217;autorit\u00e0 &#8220;garante per la tutela delle persone e di altri soggetti rispetto al trattamento dei dati personali&#8221;, istituita dalla legge 675 del 1996. In seguito Rodot\u00e0, nato il 30 maggio 1933 a Cosenza, sar\u00e0 anche nominato presidente europeo dei Garanti per la protezione dei dati personali per il quadriennio 1998-2002. Resta in carica in Italia sino al 2005.<\/p>\n","protected":false},"excerpt":{"rendered":"<p>Il 17 marzo 1997 a Roma il professor Stefano Rodot\u00e0 viene eletto come primo presidente dell&#8217;autorit\u00e0 &#8220;garante per la tutela delle persone e di altri soggetti rispetto al trattamento dei dati personali&#8221;, istituita dalla legge 675 del 1996. In seguito Rodot\u00e0, nato il 30 maggio 1933 a Cosenza, sar\u00e0 anche nominato presidente europeo dei Garanti [&hellip;]<\/p>\n","protected":false},"author":1,"featured_media":0,"comment_status":"open","ping_status":"open","sticky":false,"template":"","format":"standard","meta":{"footnotes":""},"categories":[],"tags":[],"class_list":["post-10661","post","type-post","status-publish","format-standard","hentry"],"_links":{"self":[{"href":"https:\/\/datastorica.it\/blog\/wp-json\/wp\/v2\/posts\/10661","targetHints":{"allow":["GET"]}}],"collection":[{"href":"https:\/\/datastorica.it\/blog\/wp-json\/wp\/v2\/posts"}],"about":[{"href":"https:\/\/datastorica.it\/blog\/wp-json\/wp\/v2\/types\/post"}],"author":[{"embeddable":true,"href":"https:\/\/datastorica.it\/blog\/wp-json\/wp\/v2\/users\/1"}],"replies":[{"embeddable":true,"href":"https:\/\/datastorica.it\/blog\/wp-json\/wp\/v2\/comments?post=10661"}],"version-history":[{"count":1,"href":"https:\/\/datastorica.it\/blog\/wp-json\/wp\/v2\/posts\/10661\/revisions"}],"predecessor-version":[{"id":10662,"href":"https:\/\/datastorica.it\/blog\/wp-json\/wp\/v2\/posts\/10661\/revisions\/10662"}],"wp:attachment":[{"href":"https:\/\/datastorica.it\/blog\/wp-json\/wp\/v2\/media?parent=10661"}],"wp:term":[{"taxonomy":"category","embeddable":true,"href":"https:\/\/datastorica.it\/blog\/wp-json\/wp\/v2\/categories?post=10661"},{"taxonomy":"post_tag","embeddable":true,"href":"https:\/\/datastorica.it\/blog\/wp-json\/wp\/v2\/tags?post=10661"}],"curies":[{"name":"wp","href":"https:\/\/api.w.org\/{rel}","templated":true}]}}