{"id":10684,"date":"2017-03-18T17:00:07","date_gmt":"2017-03-18T16:00:07","guid":{"rendered":"http:\/\/datastorica.agenziacalendario.com\/?p=10684"},"modified":"2017-03-17T22:30:23","modified_gmt":"2017-03-17T21:30:23","slug":"dieci-anni-fa-rrrestato-in-brasile-cesare-battisti-superlatitante-degli-anni-di-piombo","status":"publish","type":"post","link":"https:\/\/datastorica.it\/blog\/2017\/03\/18\/dieci-anni-fa-rrrestato-in-brasile-cesare-battisti-superlatitante-degli-anni-di-piombo\/","title":{"rendered":"Dieci anni fa rrrestato in Brasile Cesare Battisti, superlatitante degli anni di piombo"},"content":{"rendered":"<p>Il 18 marzo 2007 viene arrestato a Rio de Janeiro (Brasile, in un albergo di Copacabana, Cesare Battisti, che verr\u00e0 detenuto Battisti in carcere a Brasilia (Brasile) fino al 9 giugno 2011. L&#8217;ex leader dei &#8220;Proletari armati per il comunismo&#8221; \u00e8 arrestato a Parigi (Francia) nel 2004 su richiesta del ministero della Giustizia italiano, perch\u00e9 condannato definitivamente due volte all\u2019ergastolo e perch\u00e8 imputato di altri due omicidi. Battisti per\u00f2 \u00e8 scarcerato con obbligo di firma, in attesa che si compia l\u2019iter dell\u2019estradizione richiesta dal nostro governo. Cos\u00ec Battisti fugge in Brasile. Battisti nasce il 18 dicembre 1954 a Cisterna di Latina (Latina) e come membro del gruppo Proletari Armati per il Comunismo, \u00e8 condannato in contumacia all&#8217;ergastolo, con sentenze passate in giudicato, per quattro omicidi, due commessi materialmente, due in concorso con altri, secondo la legislazione d&#8217;emergenza degli anni di piombo, oltre che per vari reati legati alla lotta armata e al terrorismo. Il 31 dicembre 2010 il presidente brasiliano Luiz In\u00e1cio Lula da Silva annuncia il rifiuto dell&#8217;estradizione in Italia, concedendo il diritto d&#8217;asilo. Della questione \u00e8 investita la Corte costituzionale brasiliana su sollecito della nuova presidente del Brasile, Dilma Rousseff, che l&#8217;8 giugno 2011 nega definitivamente l&#8217;estradizione, pur revocando lo status di rifugiato, con la motivazione che avrebbe potuto subire &#8220;persecuzioni a cause delle sue idee&#8221;. Battisti \u00e8 quindi scarcerato, e rimane in libert\u00e0 fino al 12 marzo 2015, giorno in cui viene nuovamente arrestato dalle autorit\u00e0 brasiliane in seguito all&#8217;annullamento del permesso di soggiorno, ma rilasciato quasi subito.<\/p>\n","protected":false},"excerpt":{"rendered":"<p>Il 18 marzo 2007 viene arrestato a Rio de Janeiro (Brasile, in un albergo di Copacabana, Cesare Battisti, che verr\u00e0 detenuto Battisti in carcere a Brasilia (Brasile) fino al 9 giugno 2011. L&#8217;ex leader dei &#8220;Proletari armati per il comunismo&#8221; \u00e8 arrestato a Parigi (Francia) nel 2004 su richiesta del ministero della Giustizia italiano, perch\u00e9 [&hellip;]<\/p>\n","protected":false},"author":1,"featured_media":0,"comment_status":"open","ping_status":"open","sticky":false,"template":"","format":"standard","meta":{"footnotes":""},"categories":[],"tags":[],"class_list":["post-10684","post","type-post","status-publish","format-standard","hentry"],"_links":{"self":[{"href":"https:\/\/datastorica.it\/blog\/wp-json\/wp\/v2\/posts\/10684","targetHints":{"allow":["GET"]}}],"collection":[{"href":"https:\/\/datastorica.it\/blog\/wp-json\/wp\/v2\/posts"}],"about":[{"href":"https:\/\/datastorica.it\/blog\/wp-json\/wp\/v2\/types\/post"}],"author":[{"embeddable":true,"href":"https:\/\/datastorica.it\/blog\/wp-json\/wp\/v2\/users\/1"}],"replies":[{"embeddable":true,"href":"https:\/\/datastorica.it\/blog\/wp-json\/wp\/v2\/comments?post=10684"}],"version-history":[{"count":1,"href":"https:\/\/datastorica.it\/blog\/wp-json\/wp\/v2\/posts\/10684\/revisions"}],"predecessor-version":[{"id":10685,"href":"https:\/\/datastorica.it\/blog\/wp-json\/wp\/v2\/posts\/10684\/revisions\/10685"}],"wp:attachment":[{"href":"https:\/\/datastorica.it\/blog\/wp-json\/wp\/v2\/media?parent=10684"}],"wp:term":[{"taxonomy":"category","embeddable":true,"href":"https:\/\/datastorica.it\/blog\/wp-json\/wp\/v2\/categories?post=10684"},{"taxonomy":"post_tag","embeddable":true,"href":"https:\/\/datastorica.it\/blog\/wp-json\/wp\/v2\/tags?post=10684"}],"curies":[{"name":"wp","href":"https:\/\/api.w.org\/{rel}","templated":true}]}}