{"id":10812,"date":"2017-03-27T08:00:41","date_gmt":"2017-03-27T06:00:41","guid":{"rendered":"http:\/\/datastorica.agenziacalendario.com\/?p=10812"},"modified":"2017-03-26T22:31:22","modified_gmt":"2017-03-26T20:31:22","slug":"220-anni-fa-nasce-il-poeta-alfred-victor-de-vigny-esponente-di-spicco-del-romanticismo","status":"publish","type":"post","link":"https:\/\/datastorica.it\/blog\/2017\/03\/27\/220-anni-fa-nasce-il-poeta-alfred-victor-de-vigny-esponente-di-spicco-del-romanticismo\/","title":{"rendered":"220 anni fa nasce il poeta Alfred Victor de Vigny, esponente di spicco del romanticismo"},"content":{"rendered":"<p>Il 27 marzo 1797 nasce a Loches Touraine (Francia) il poeta Alfred Victor de Vigny, considerato uno dei capofila della scuola romantica francese. Le sue poesie (&#8220;Destin\u00e9es&#8221;, raccolta pubblicata postuma nel 1864), i suoi romanzi e racconti (&#8220;Stello&#8221;, 1832; &#8220;Servit\u00f9 e grandezza della vita militare&#8221;, 1835) e i suoi drammi si sviluppano per lo pi\u00f9 attorno al tema del destino. La sua posizione nei confronti della creativit\u00e0 artistica anticipa quella di poeti moderni come Baudelaire, Mallarm\u00e9 o Val\u00e9ry che, rivendicando il carattere sacro della poesia, vi vedono l&#8217;incarnazione dello spirito puro. De Vigny muore il 17 settembre 1863 a Parigi (Francia)<\/p>\n","protected":false},"excerpt":{"rendered":"<p>Il 27 marzo 1797 nasce a Loches Touraine (Francia) il poeta Alfred Victor de Vigny, considerato uno dei capofila della scuola romantica francese. Le sue poesie (&#8220;Destin\u00e9es&#8221;, raccolta pubblicata postuma nel 1864), i suoi romanzi e racconti (&#8220;Stello&#8221;, 1832; &#8220;Servit\u00f9 e grandezza della vita militare&#8221;, 1835) e i suoi drammi si sviluppano per lo pi\u00f9 [&hellip;]<\/p>\n","protected":false},"author":1,"featured_media":0,"comment_status":"open","ping_status":"open","sticky":false,"template":"","format":"standard","meta":{"footnotes":""},"categories":[],"tags":[],"class_list":["post-10812","post","type-post","status-publish","format-standard","hentry"],"_links":{"self":[{"href":"https:\/\/datastorica.it\/blog\/wp-json\/wp\/v2\/posts\/10812","targetHints":{"allow":["GET"]}}],"collection":[{"href":"https:\/\/datastorica.it\/blog\/wp-json\/wp\/v2\/posts"}],"about":[{"href":"https:\/\/datastorica.it\/blog\/wp-json\/wp\/v2\/types\/post"}],"author":[{"embeddable":true,"href":"https:\/\/datastorica.it\/blog\/wp-json\/wp\/v2\/users\/1"}],"replies":[{"embeddable":true,"href":"https:\/\/datastorica.it\/blog\/wp-json\/wp\/v2\/comments?post=10812"}],"version-history":[{"count":1,"href":"https:\/\/datastorica.it\/blog\/wp-json\/wp\/v2\/posts\/10812\/revisions"}],"predecessor-version":[{"id":10813,"href":"https:\/\/datastorica.it\/blog\/wp-json\/wp\/v2\/posts\/10812\/revisions\/10813"}],"wp:attachment":[{"href":"https:\/\/datastorica.it\/blog\/wp-json\/wp\/v2\/media?parent=10812"}],"wp:term":[{"taxonomy":"category","embeddable":true,"href":"https:\/\/datastorica.it\/blog\/wp-json\/wp\/v2\/categories?post=10812"},{"taxonomy":"post_tag","embeddable":true,"href":"https:\/\/datastorica.it\/blog\/wp-json\/wp\/v2\/tags?post=10812"}],"curies":[{"name":"wp","href":"https:\/\/api.w.org\/{rel}","templated":true}]}}