{"id":11233,"date":"2017-05-03T11:06:28","date_gmt":"2017-05-03T09:06:28","guid":{"rendered":"http:\/\/datastorica.agenziacalendario.com\/?p=11233"},"modified":"2017-05-02T23:07:33","modified_gmt":"2017-05-02T21:07:33","slug":"60-anni-fa-nasce-il-comico-dario-vergassola","status":"publish","type":"post","link":"https:\/\/datastorica.it\/blog\/2017\/05\/03\/60-anni-fa-nasce-il-comico-dario-vergassola\/","title":{"rendered":"60 anni fa nasce il comico Dario Vergassola"},"content":{"rendered":"<p>Il 3 maggio 1957 nasce a La Spezia il comico Dario Vergassola. Si avvicina al mondo dello spettacolo partecipando a &#8220;Professione Comico&#8221;, manifestazione diretta da Giorgio Gaber. Nel 1992 vince il Festival di &#8220;Sanscemo&#8221;. Inizia a girare per l&#8217;Italia con spettacoli teatrali come &#8220;Bimbi belli&#8221; (1993), rappresentato in collaborazione con Stefano Nosei, &#8220;La vita \u00e8 un lampo&#8221; (1994) e &#8220;Recital per due&#8221;, che lo vede sul palco insieme a David Riondino. Nel 1996 \u00e8 coautore ed interprete dello spettacolo &#8220;Tenera \u00e8 la notte&#8221;, in onda su Rai2, e l&#8217;anno successivo partecipa al film tv &#8220;Dio vede e provvede&#8221; di Enrico Oldoini. Spesso ospite del Maurizio Costanzo Show, partecipa, come coautore, alla trasmissione &#8220;Facciamo Cabaret&#8221; e come ospite a &#8220;Mai dire goal&#8221; e a &#8220;Quelli che il calcio&#8221;. Nel 2003 conduce con Federica Panicucci la trasmissione dedicata ai nuovi comici chiamata &#8220;Bulldozer&#8221;. Nel 2005 e 2006 affianca Serena Dandini nella conduzione della trasmissione di Rai3 &#8220;Parla con me&#8221;.<\/p>\n","protected":false},"excerpt":{"rendered":"<p>Il 3 maggio 1957 nasce a La Spezia il comico Dario Vergassola. Si avvicina al mondo dello spettacolo partecipando a &#8220;Professione Comico&#8221;, manifestazione diretta da Giorgio Gaber. Nel 1992 vince il Festival di &#8220;Sanscemo&#8221;. Inizia a girare per l&#8217;Italia con spettacoli teatrali come &#8220;Bimbi belli&#8221; (1993), rappresentato in collaborazione con Stefano Nosei, &#8220;La vita \u00e8 [&hellip;]<\/p>\n","protected":false},"author":1,"featured_media":0,"comment_status":"open","ping_status":"open","sticky":false,"template":"","format":"standard","meta":{"footnotes":""},"categories":[],"tags":[],"class_list":["post-11233","post","type-post","status-publish","format-standard","hentry"],"_links":{"self":[{"href":"https:\/\/datastorica.it\/blog\/wp-json\/wp\/v2\/posts\/11233","targetHints":{"allow":["GET"]}}],"collection":[{"href":"https:\/\/datastorica.it\/blog\/wp-json\/wp\/v2\/posts"}],"about":[{"href":"https:\/\/datastorica.it\/blog\/wp-json\/wp\/v2\/types\/post"}],"author":[{"embeddable":true,"href":"https:\/\/datastorica.it\/blog\/wp-json\/wp\/v2\/users\/1"}],"replies":[{"embeddable":true,"href":"https:\/\/datastorica.it\/blog\/wp-json\/wp\/v2\/comments?post=11233"}],"version-history":[{"count":1,"href":"https:\/\/datastorica.it\/blog\/wp-json\/wp\/v2\/posts\/11233\/revisions"}],"predecessor-version":[{"id":11234,"href":"https:\/\/datastorica.it\/blog\/wp-json\/wp\/v2\/posts\/11233\/revisions\/11234"}],"wp:attachment":[{"href":"https:\/\/datastorica.it\/blog\/wp-json\/wp\/v2\/media?parent=11233"}],"wp:term":[{"taxonomy":"category","embeddable":true,"href":"https:\/\/datastorica.it\/blog\/wp-json\/wp\/v2\/categories?post=11233"},{"taxonomy":"post_tag","embeddable":true,"href":"https:\/\/datastorica.it\/blog\/wp-json\/wp\/v2\/tags?post=11233"}],"curies":[{"name":"wp","href":"https:\/\/api.w.org\/{rel}","templated":true}]}}