{"id":11245,"date":"2017-05-03T17:14:49","date_gmt":"2017-05-03T15:14:49","guid":{"rendered":"http:\/\/datastorica.agenziacalendario.com\/?p=11245"},"modified":"2017-05-02T23:18:00","modified_gmt":"2017-05-02T21:18:00","slug":"dieci-anni-fa-scompare-bambina-inglese-in-vacanza-con-i-genitori","status":"publish","type":"post","link":"https:\/\/datastorica.it\/blog\/2017\/05\/03\/dieci-anni-fa-scompare-bambina-inglese-in-vacanza-con-i-genitori\/","title":{"rendered":"Dieci anni fa scompare bambina inglese in vacanza con i genitori"},"content":{"rendered":"<p>Il 3 maggio 2007 a Praia da Luz (Portogallo) una bambina britannica di circa quattro anni, Madeleine McCann scompare misteriosamente nella localit\u00e0 di villeggiatura nella regione di Algarve. La bambina \u00e8 in vacanza con i genitori, Kate e Gerry McCann, ed i fratellini, con i quali si trova nella camera da letto dalla quale scompare, mentre i genitori mangiano in un ristorante a circa 120 metri di distanza. La prima ipotesi \u00e8 quella del rapimento, ma con il passare del tempo i sospetti cadono sui genitori; della bambina si \u00e8 comunque persa ogni traccia. La sua vicenda diventa sempre pi\u00f9 un caso mediatico mondiale: il sito internet creato dai genitori per ritrovarla raggiunge quota 75 milioni di utenti. Non verr\u00e0 pi\u00f9 ritrovata.<\/p>\n","protected":false},"excerpt":{"rendered":"<p>Il 3 maggio 2007 a Praia da Luz (Portogallo) una bambina britannica di circa quattro anni, Madeleine McCann scompare misteriosamente nella localit\u00e0 di villeggiatura nella regione di Algarve. La bambina \u00e8 in vacanza con i genitori, Kate e Gerry McCann, ed i fratellini, con i quali si trova nella camera da letto dalla quale scompare, [&hellip;]<\/p>\n","protected":false},"author":1,"featured_media":0,"comment_status":"open","ping_status":"open","sticky":false,"template":"","format":"standard","meta":{"footnotes":""},"categories":[],"tags":[],"class_list":["post-11245","post","type-post","status-publish","format-standard","hentry"],"_links":{"self":[{"href":"https:\/\/datastorica.it\/blog\/wp-json\/wp\/v2\/posts\/11245","targetHints":{"allow":["GET"]}}],"collection":[{"href":"https:\/\/datastorica.it\/blog\/wp-json\/wp\/v2\/posts"}],"about":[{"href":"https:\/\/datastorica.it\/blog\/wp-json\/wp\/v2\/types\/post"}],"author":[{"embeddable":true,"href":"https:\/\/datastorica.it\/blog\/wp-json\/wp\/v2\/users\/1"}],"replies":[{"embeddable":true,"href":"https:\/\/datastorica.it\/blog\/wp-json\/wp\/v2\/comments?post=11245"}],"version-history":[{"count":1,"href":"https:\/\/datastorica.it\/blog\/wp-json\/wp\/v2\/posts\/11245\/revisions"}],"predecessor-version":[{"id":11246,"href":"https:\/\/datastorica.it\/blog\/wp-json\/wp\/v2\/posts\/11245\/revisions\/11246"}],"wp:attachment":[{"href":"https:\/\/datastorica.it\/blog\/wp-json\/wp\/v2\/media?parent=11245"}],"wp:term":[{"taxonomy":"category","embeddable":true,"href":"https:\/\/datastorica.it\/blog\/wp-json\/wp\/v2\/categories?post=11245"},{"taxonomy":"post_tag","embeddable":true,"href":"https:\/\/datastorica.it\/blog\/wp-json\/wp\/v2\/tags?post=11245"}],"curies":[{"name":"wp","href":"https:\/\/api.w.org\/{rel}","templated":true}]}}