{"id":11519,"date":"2017-05-22T15:04:45","date_gmt":"2017-05-22T13:04:45","guid":{"rendered":"http:\/\/datastorica.agenziacalendario.com\/?p=11519"},"modified":"2017-05-22T12:05:44","modified_gmt":"2017-05-22T10:05:44","slug":"20-anni-fa-primi-arresti-per-il-rogo-del-teatro-la-fenice","status":"publish","type":"post","link":"https:\/\/datastorica.it\/blog\/2017\/05\/22\/20-anni-fa-primi-arresti-per-il-rogo-del-teatro-la-fenice\/","title":{"rendered":"20 anni fa primi arresti per il rogo del teatro &#8220;La Fenice&#8221;"},"content":{"rendered":"<p>Il 22 maggio 1997 primi arresti a Venezia per il rogo del teatro &#8220;La Fenice&#8221;. Finiscono in manette gli elettricisti, Enrico Carella e Massimiliano Marchetti, che lavoravano al cantiere di ristrutturazione dello storico tempio veneziano della lirica: avevano provocato l&#8217; incendio del teatro per non pagare la penale per il ritardo nella consegna dei lavori. La svolta delle indagini avviene un anno e mezzo dopo il disastro, avvenuto il 29 gennaio 1996. Marchetti sar\u00e0 condannato a sei anni di carcere, Carella, esecutore materiale dell&#8217;incendio, subir\u00e0 una condanna a 7 anni, ma si render\u00e0 irreperibile e sar\u00e0 catturato dall&#8217;Interpol il 7 marzo 2007 a Cancun (Messico). Inaugurato il 16 maggio 1792, il teatro &#8220;La Fenice&#8221; si impone fin dall&#8217;Ottocento come uno dei pi\u00f9 importanti del mondo, accogliendo in prima esecuzione opere di Rossini, Donizetti, Bellini, Verdi.<\/p>\n","protected":false},"excerpt":{"rendered":"<p>Il 22 maggio 1997 primi arresti a Venezia per il rogo del teatro &#8220;La Fenice&#8221;. Finiscono in manette gli elettricisti, Enrico Carella e Massimiliano Marchetti, che lavoravano al cantiere di ristrutturazione dello storico tempio veneziano della lirica: avevano provocato l&#8217; incendio del teatro per non pagare la penale per il ritardo nella consegna dei lavori. [&hellip;]<\/p>\n","protected":false},"author":1,"featured_media":0,"comment_status":"open","ping_status":"open","sticky":false,"template":"","format":"standard","meta":{"footnotes":""},"categories":[],"tags":[],"class_list":["post-11519","post","type-post","status-publish","format-standard","hentry"],"_links":{"self":[{"href":"https:\/\/datastorica.it\/blog\/wp-json\/wp\/v2\/posts\/11519","targetHints":{"allow":["GET"]}}],"collection":[{"href":"https:\/\/datastorica.it\/blog\/wp-json\/wp\/v2\/posts"}],"about":[{"href":"https:\/\/datastorica.it\/blog\/wp-json\/wp\/v2\/types\/post"}],"author":[{"embeddable":true,"href":"https:\/\/datastorica.it\/blog\/wp-json\/wp\/v2\/users\/1"}],"replies":[{"embeddable":true,"href":"https:\/\/datastorica.it\/blog\/wp-json\/wp\/v2\/comments?post=11519"}],"version-history":[{"count":1,"href":"https:\/\/datastorica.it\/blog\/wp-json\/wp\/v2\/posts\/11519\/revisions"}],"predecessor-version":[{"id":11520,"href":"https:\/\/datastorica.it\/blog\/wp-json\/wp\/v2\/posts\/11519\/revisions\/11520"}],"wp:attachment":[{"href":"https:\/\/datastorica.it\/blog\/wp-json\/wp\/v2\/media?parent=11519"}],"wp:term":[{"taxonomy":"category","embeddable":true,"href":"https:\/\/datastorica.it\/blog\/wp-json\/wp\/v2\/categories?post=11519"},{"taxonomy":"post_tag","embeddable":true,"href":"https:\/\/datastorica.it\/blog\/wp-json\/wp\/v2\/tags?post=11519"}],"curies":[{"name":"wp","href":"https:\/\/api.w.org\/{rel}","templated":true}]}}