{"id":11638,"date":"2017-06-03T08:00:17","date_gmt":"2017-06-03T06:00:17","guid":{"rendered":"http:\/\/datastorica.agenziacalendario.com\/?p=11638"},"modified":"2017-06-02T16:50:47","modified_gmt":"2017-06-02T14:50:47","slug":"160-anni-fa-approvata-la-costruzione-del-traforo-del-frejus","status":"publish","type":"post","link":"https:\/\/datastorica.it\/blog\/2017\/06\/03\/160-anni-fa-approvata-la-costruzione-del-traforo-del-frejus\/","title":{"rendered":"160 anni fa approvata la costruzione del Traforo del Frejus"},"content":{"rendered":"<p>Il 3 giugno 1857 la Camera piemontese a Torino approvata la costruzione del Traforo del Frejus e stabilisce l&#8217;esecuzione del traforo nella parte pi\u00f9 bassa del Moncenisio e con la legge 15 agosto 1857 si definiranno le condizioni dei lavori. L&#8217;1 settembre 1857 Vittorio Emanuele II e il principe Napoleone riuniti a Modane (Francia) inaugureranno l&#8217;apertura dei primi cantieri. I lavori saranno terminati nel 1871. Il traforo ferroviario del Fr\u00e9jus, detto anche del Cenisio, attraversa le Alpi collegando l&#8217;Italia alla Francia. Lungo 13.636 km, \u00e8 la pi\u00f9 antica galleria ferroviaria e anche la prima costruita utilizzando perforatrici ad aria compressa.<\/p>\n","protected":false},"excerpt":{"rendered":"<p>Il 3 giugno 1857 la Camera piemontese a Torino approvata la costruzione del Traforo del Frejus e stabilisce l&#8217;esecuzione del traforo nella parte pi\u00f9 bassa del Moncenisio e con la legge 15 agosto 1857 si definiranno le condizioni dei lavori. L&#8217;1 settembre 1857 Vittorio Emanuele II e il principe Napoleone riuniti a Modane (Francia) inaugureranno [&hellip;]<\/p>\n","protected":false},"author":1,"featured_media":0,"comment_status":"open","ping_status":"open","sticky":false,"template":"","format":"standard","meta":{"footnotes":""},"categories":[],"tags":[],"class_list":["post-11638","post","type-post","status-publish","format-standard","hentry"],"_links":{"self":[{"href":"https:\/\/datastorica.it\/blog\/wp-json\/wp\/v2\/posts\/11638","targetHints":{"allow":["GET"]}}],"collection":[{"href":"https:\/\/datastorica.it\/blog\/wp-json\/wp\/v2\/posts"}],"about":[{"href":"https:\/\/datastorica.it\/blog\/wp-json\/wp\/v2\/types\/post"}],"author":[{"embeddable":true,"href":"https:\/\/datastorica.it\/blog\/wp-json\/wp\/v2\/users\/1"}],"replies":[{"embeddable":true,"href":"https:\/\/datastorica.it\/blog\/wp-json\/wp\/v2\/comments?post=11638"}],"version-history":[{"count":1,"href":"https:\/\/datastorica.it\/blog\/wp-json\/wp\/v2\/posts\/11638\/revisions"}],"predecessor-version":[{"id":11639,"href":"https:\/\/datastorica.it\/blog\/wp-json\/wp\/v2\/posts\/11638\/revisions\/11639"}],"wp:attachment":[{"href":"https:\/\/datastorica.it\/blog\/wp-json\/wp\/v2\/media?parent=11638"}],"wp:term":[{"taxonomy":"category","embeddable":true,"href":"https:\/\/datastorica.it\/blog\/wp-json\/wp\/v2\/categories?post=11638"},{"taxonomy":"post_tag","embeddable":true,"href":"https:\/\/datastorica.it\/blog\/wp-json\/wp\/v2\/tags?post=11638"}],"curies":[{"name":"wp","href":"https:\/\/api.w.org\/{rel}","templated":true}]}}