{"id":11646,"date":"2017-06-03T12:00:05","date_gmt":"2017-06-03T10:00:05","guid":{"rendered":"http:\/\/datastorica.agenziacalendario.com\/?p=11646"},"modified":"2017-06-02T16:57:22","modified_gmt":"2017-06-02T14:57:22","slug":"40-anni-fa-muore-il-regista-roberto-rossellini-roma-citta-aperta-e-il-suo-capolavoro","status":"publish","type":"post","link":"https:\/\/datastorica.it\/blog\/2017\/06\/03\/40-anni-fa-muore-il-regista-roberto-rossellini-roma-citta-aperta-e-il-suo-capolavoro\/","title":{"rendered":"40 anni fa muore il regista Roberto Rossellini,  &#8220;Roma citt\u00e0 aperta&#8221; \u00e8 il suo capolavoro"},"content":{"rendered":"<p>Il 3 giugno 1977 muore a Roma il regista Roberto Rossellini, uno dei maggiori protagonisti (con Vittorio De Sica e Luchino Visconti) del neorealismo italiano. Rossellini nasce l&#8217;8 maggio 1906 a Roma e dirige dal 1936 al 1940 alcuni documentari per l&#8217;Istituto nazionale Luce. Del 1941 \u00e8 il suo primo lungometraggio, &#8220;La nave bianca&#8221;, girato con attori non professionisti. Il 1945 \u00e8 l&#8217;anno di &#8220;Roma citt\u00e0 aperta&#8221;, capo d&#8217;opera ed apripista del neorealismo italiano, seguito da altri due film d&#8217;eccezione quali &#8220;Pais\u00e0&#8221; (1946) e &#8220;Germania anno zero&#8221; (1947). Del periodo tra il 1948 e il 1954 sono &#8220;Stromboli, terra di Dio&#8221;, film in cui prende il via il suo sodalizio artistico e la tormentata storia sentimentale con Ingrid Bergman, &#8220;Viaggio in Italia&#8221; e &#8220;La paura&#8221;. Nei primi anni &#8217;60 torna a narrare temi legati alla resistenza, con &#8220;Il generale Della Rovere&#8221; (1959), &#8220;Era notte a Roma&#8221; (1960) e &#8220;Viva l&#8217;Italia&#8221; (1961).<\/p>\n","protected":false},"excerpt":{"rendered":"<p>Il 3 giugno 1977 muore a Roma il regista Roberto Rossellini, uno dei maggiori protagonisti (con Vittorio De Sica e Luchino Visconti) del neorealismo italiano. Rossellini nasce l&#8217;8 maggio 1906 a Roma e dirige dal 1936 al 1940 alcuni documentari per l&#8217;Istituto nazionale Luce. Del 1941 \u00e8 il suo primo lungometraggio, &#8220;La nave bianca&#8221;, girato [&hellip;]<\/p>\n","protected":false},"author":1,"featured_media":0,"comment_status":"open","ping_status":"open","sticky":false,"template":"","format":"standard","meta":{"footnotes":""},"categories":[],"tags":[],"class_list":["post-11646","post","type-post","status-publish","format-standard","hentry"],"_links":{"self":[{"href":"https:\/\/datastorica.it\/blog\/wp-json\/wp\/v2\/posts\/11646","targetHints":{"allow":["GET"]}}],"collection":[{"href":"https:\/\/datastorica.it\/blog\/wp-json\/wp\/v2\/posts"}],"about":[{"href":"https:\/\/datastorica.it\/blog\/wp-json\/wp\/v2\/types\/post"}],"author":[{"embeddable":true,"href":"https:\/\/datastorica.it\/blog\/wp-json\/wp\/v2\/users\/1"}],"replies":[{"embeddable":true,"href":"https:\/\/datastorica.it\/blog\/wp-json\/wp\/v2\/comments?post=11646"}],"version-history":[{"count":1,"href":"https:\/\/datastorica.it\/blog\/wp-json\/wp\/v2\/posts\/11646\/revisions"}],"predecessor-version":[{"id":11647,"href":"https:\/\/datastorica.it\/blog\/wp-json\/wp\/v2\/posts\/11646\/revisions\/11647"}],"wp:attachment":[{"href":"https:\/\/datastorica.it\/blog\/wp-json\/wp\/v2\/media?parent=11646"}],"wp:term":[{"taxonomy":"category","embeddable":true,"href":"https:\/\/datastorica.it\/blog\/wp-json\/wp\/v2\/categories?post=11646"},{"taxonomy":"post_tag","embeddable":true,"href":"https:\/\/datastorica.it\/blog\/wp-json\/wp\/v2\/tags?post=11646"}],"curies":[{"name":"wp","href":"https:\/\/api.w.org\/{rel}","templated":true}]}}