{"id":11739,"date":"2017-06-11T10:30:48","date_gmt":"2017-06-11T08:30:48","guid":{"rendered":"http:\/\/datastorica.agenziacalendario.com\/?p=11739"},"modified":"2017-06-10T11:00:51","modified_gmt":"2017-06-10T09:00:51","slug":"70-anni-fa-nasce-il-politico-roberto-biscardini","status":"publish","type":"post","link":"https:\/\/datastorica.it\/blog\/2017\/06\/11\/70-anni-fa-nasce-il-politico-roberto-biscardini\/","title":{"rendered":"70 anni fa nasce il politico Roberto Biscardini"},"content":{"rendered":"<p>L&#8217;11 giugno 1947 nasce a Legnano (Milano) il politico Roberto Biscardiini. Architetto, docente di Urbanistica presso la facolt\u00e0 di Architettura del Politecnico di Milano, \u00e8&#8217; autore di scritti e pubblicazioni varie tra le quali il volume &#8220;Lombardia citt\u00e0-Innovazioni e strategie per una politica urbanistica dei trasporti e della citt\u00e0&#8221;. Eletto in Regione, dal 1983 al 1985 \u00e8 Presidente della Commissione Istruzione e cultura del Consiglio regionale, dal 1988 al 1989 Presidente dell&#8217;IReR, dal 1989 al 1992 assessore ai Trasporti della Regione Lombardia e dal 1994 al 1995 assessore ai Lavori Pubblici ed Edilizia residenziale. Dal 1993 \u00e8 Segretario regionale dei Socialisti della Lombardia. Il 23 aprile 1995 \u00e8 rieletto in Regione e rinnovato il 16 aprile 2000. Senatore della Repubblica dal 2004 al 2006 Biscardini \u00e8 Consigliere comunale di Milano dal 2011. Nel 2012 fonda l&#8217;associazione Riaprire i Navigli di cui \u00e8 Presidente. Nel 2014 \u00e8 eletto nel Consiglio Metropolitano della Citt\u00e0 metropolitana di Milano.<\/p>\n","protected":false},"excerpt":{"rendered":"<p>L&#8217;11 giugno 1947 nasce a Legnano (Milano) il politico Roberto Biscardiini. Architetto, docente di Urbanistica presso la facolt\u00e0 di Architettura del Politecnico di Milano, \u00e8&#8217; autore di scritti e pubblicazioni varie tra le quali il volume &#8220;Lombardia citt\u00e0-Innovazioni e strategie per una politica urbanistica dei trasporti e della citt\u00e0&#8221;. Eletto in Regione, dal 1983 al [&hellip;]<\/p>\n","protected":false},"author":1,"featured_media":0,"comment_status":"open","ping_status":"open","sticky":false,"template":"","format":"standard","meta":{"footnotes":""},"categories":[],"tags":[],"class_list":["post-11739","post","type-post","status-publish","format-standard","hentry"],"_links":{"self":[{"href":"https:\/\/datastorica.it\/blog\/wp-json\/wp\/v2\/posts\/11739","targetHints":{"allow":["GET"]}}],"collection":[{"href":"https:\/\/datastorica.it\/blog\/wp-json\/wp\/v2\/posts"}],"about":[{"href":"https:\/\/datastorica.it\/blog\/wp-json\/wp\/v2\/types\/post"}],"author":[{"embeddable":true,"href":"https:\/\/datastorica.it\/blog\/wp-json\/wp\/v2\/users\/1"}],"replies":[{"embeddable":true,"href":"https:\/\/datastorica.it\/blog\/wp-json\/wp\/v2\/comments?post=11739"}],"version-history":[{"count":1,"href":"https:\/\/datastorica.it\/blog\/wp-json\/wp\/v2\/posts\/11739\/revisions"}],"predecessor-version":[{"id":11740,"href":"https:\/\/datastorica.it\/blog\/wp-json\/wp\/v2\/posts\/11739\/revisions\/11740"}],"wp:attachment":[{"href":"https:\/\/datastorica.it\/blog\/wp-json\/wp\/v2\/media?parent=11739"}],"wp:term":[{"taxonomy":"category","embeddable":true,"href":"https:\/\/datastorica.it\/blog\/wp-json\/wp\/v2\/categories?post=11739"},{"taxonomy":"post_tag","embeddable":true,"href":"https:\/\/datastorica.it\/blog\/wp-json\/wp\/v2\/tags?post=11739"}],"curies":[{"name":"wp","href":"https:\/\/api.w.org\/{rel}","templated":true}]}}