{"id":11765,"date":"2017-06-14T14:45:38","date_gmt":"2017-06-14T12:45:38","guid":{"rendered":"http:\/\/datastorica.agenziacalendario.com\/?p=11765"},"modified":"2017-06-13T13:31:50","modified_gmt":"2017-06-13T11:31:50","slug":"dieci-anni-fa-muore-kurt-waldheim-ex-segretario-generale-dellonu","status":"publish","type":"post","link":"https:\/\/datastorica.it\/blog\/2017\/06\/14\/dieci-anni-fa-muore-kurt-waldheim-ex-segretario-generale-dellonu\/","title":{"rendered":"Dieci anni fa muore Kurt Waldheim, ex -segretario generale dell&#8217;Onu"},"content":{"rendered":"<p>Il 14 giugno 2007 muore a Vienna (Austria) Kurt Waldheim, nel 1986 \u00e8 eletto presidente della Repubblica austriaca, nonostante il sospetto di un suo personale coinvolgimento in crimini di guerra nazisti mentre \u00e8 luogotenente nell\u2019esercito tedesco durante la seconda guerra mondiale. Waldheim nasce il 21 dicembre 1981 a Sankt Andr\u00e4-W\u00f6rdern (Austria), dal 1968 al 1970 \u00e8 ministro degli Esteri; in questo periodo raggiunge un accordo con il suo omologo italiano, Aldo Moro, sulla questione dell\u2019Alto Adige. Nel 1971 si propone, senza successo, come candidato alla presidenza dell\u2019Austria. Nel 1972 \u00e8 nominato segretario generale dell&#8217;Onu, dopo le dimissioni del birmano U Thant. Waldheim conserva la carica per due mandati consecutivi, fino al 1981.<\/p>\n","protected":false},"excerpt":{"rendered":"<p>Il 14 giugno 2007 muore a Vienna (Austria) Kurt Waldheim, nel 1986 \u00e8 eletto presidente della Repubblica austriaca, nonostante il sospetto di un suo personale coinvolgimento in crimini di guerra nazisti mentre \u00e8 luogotenente nell\u2019esercito tedesco durante la seconda guerra mondiale. Waldheim nasce il 21 dicembre 1981 a Sankt Andr\u00e4-W\u00f6rdern (Austria), dal 1968 al 1970 [&hellip;]<\/p>\n","protected":false},"author":1,"featured_media":0,"comment_status":"open","ping_status":"open","sticky":false,"template":"","format":"standard","meta":{"footnotes":""},"categories":[],"tags":[],"class_list":["post-11765","post","type-post","status-publish","format-standard","hentry"],"_links":{"self":[{"href":"https:\/\/datastorica.it\/blog\/wp-json\/wp\/v2\/posts\/11765","targetHints":{"allow":["GET"]}}],"collection":[{"href":"https:\/\/datastorica.it\/blog\/wp-json\/wp\/v2\/posts"}],"about":[{"href":"https:\/\/datastorica.it\/blog\/wp-json\/wp\/v2\/types\/post"}],"author":[{"embeddable":true,"href":"https:\/\/datastorica.it\/blog\/wp-json\/wp\/v2\/users\/1"}],"replies":[{"embeddable":true,"href":"https:\/\/datastorica.it\/blog\/wp-json\/wp\/v2\/comments?post=11765"}],"version-history":[{"count":1,"href":"https:\/\/datastorica.it\/blog\/wp-json\/wp\/v2\/posts\/11765\/revisions"}],"predecessor-version":[{"id":11766,"href":"https:\/\/datastorica.it\/blog\/wp-json\/wp\/v2\/posts\/11765\/revisions\/11766"}],"wp:attachment":[{"href":"https:\/\/datastorica.it\/blog\/wp-json\/wp\/v2\/media?parent=11765"}],"wp:term":[{"taxonomy":"category","embeddable":true,"href":"https:\/\/datastorica.it\/blog\/wp-json\/wp\/v2\/categories?post=11765"},{"taxonomy":"post_tag","embeddable":true,"href":"https:\/\/datastorica.it\/blog\/wp-json\/wp\/v2\/tags?post=11765"}],"curies":[{"name":"wp","href":"https:\/\/api.w.org\/{rel}","templated":true}]}}