{"id":11779,"date":"2017-06-16T12:39:59","date_gmt":"2017-06-16T10:39:59","guid":{"rendered":"http:\/\/datastorica.agenziacalendario.com\/?p=11779"},"modified":"2017-06-15T20:41:03","modified_gmt":"2017-06-15T18:41:03","slug":"90-anni-fa-nasce-il-politico-giovanni-galloni-ministro-dell-pubblica-istruzione","status":"publish","type":"post","link":"https:\/\/datastorica.it\/blog\/2017\/06\/16\/90-anni-fa-nasce-il-politico-giovanni-galloni-ministro-dell-pubblica-istruzione\/","title":{"rendered":"90 anni fa nasce il politico Giovanni Galloni,  ministro dell Pubblica istruzione"},"content":{"rendered":"<p>Il 16 giugno 1927 nasce a Patern\u00f2 (Palermo) il politico e giurista Giovanni Galloni, ricopre l&#8217;incarico di ministro della Pubblica istruzione nei governi Goria e De Mita. Tra i fondatori della &#8220;Base&#8221;, corrente di sinistra della Democrazia Cristiana, \u00e8 anche vice-presidente del partito. Dal 1990 al 1994 \u00e8 membro del Consiglio Superiore della Magistratura (Csm), di cui \u00e8 vice-presidente fino alla revoca dell&#8217;incarico, nel 1991, da parte del presidente della Repubblica Francesco Cossiga.<\/p>\n","protected":false},"excerpt":{"rendered":"<p>Il 16 giugno 1927 nasce a Patern\u00f2 (Palermo) il politico e giurista Giovanni Galloni, ricopre l&#8217;incarico di ministro della Pubblica istruzione nei governi Goria e De Mita. Tra i fondatori della &#8220;Base&#8221;, corrente di sinistra della Democrazia Cristiana, \u00e8 anche vice-presidente del partito. Dal 1990 al 1994 \u00e8 membro del Consiglio Superiore della Magistratura (Csm), [&hellip;]<\/p>\n","protected":false},"author":1,"featured_media":0,"comment_status":"open","ping_status":"open","sticky":false,"template":"","format":"standard","meta":{"footnotes":""},"categories":[],"tags":[],"class_list":["post-11779","post","type-post","status-publish","format-standard","hentry"],"_links":{"self":[{"href":"https:\/\/datastorica.it\/blog\/wp-json\/wp\/v2\/posts\/11779","targetHints":{"allow":["GET"]}}],"collection":[{"href":"https:\/\/datastorica.it\/blog\/wp-json\/wp\/v2\/posts"}],"about":[{"href":"https:\/\/datastorica.it\/blog\/wp-json\/wp\/v2\/types\/post"}],"author":[{"embeddable":true,"href":"https:\/\/datastorica.it\/blog\/wp-json\/wp\/v2\/users\/1"}],"replies":[{"embeddable":true,"href":"https:\/\/datastorica.it\/blog\/wp-json\/wp\/v2\/comments?post=11779"}],"version-history":[{"count":1,"href":"https:\/\/datastorica.it\/blog\/wp-json\/wp\/v2\/posts\/11779\/revisions"}],"predecessor-version":[{"id":11780,"href":"https:\/\/datastorica.it\/blog\/wp-json\/wp\/v2\/posts\/11779\/revisions\/11780"}],"wp:attachment":[{"href":"https:\/\/datastorica.it\/blog\/wp-json\/wp\/v2\/media?parent=11779"}],"wp:term":[{"taxonomy":"category","embeddable":true,"href":"https:\/\/datastorica.it\/blog\/wp-json\/wp\/v2\/categories?post=11779"},{"taxonomy":"post_tag","embeddable":true,"href":"https:\/\/datastorica.it\/blog\/wp-json\/wp\/v2\/tags?post=11779"}],"curies":[{"name":"wp","href":"https:\/\/api.w.org\/{rel}","templated":true}]}}