{"id":11804,"date":"2017-06-17T13:03:40","date_gmt":"2017-06-17T11:03:40","guid":{"rendered":"http:\/\/datastorica.agenziacalendario.com\/?p=11804"},"modified":"2017-06-17T11:04:57","modified_gmt":"2017-06-17T09:04:57","slug":"50-anni-fa-matrimonio-scandalo-tra-la-contessina-agusta-e-il-calciatore-nero-jose-germano","status":"publish","type":"post","link":"https:\/\/datastorica.it\/blog\/2017\/06\/17\/50-anni-fa-matrimonio-scandalo-tra-la-contessina-agusta-e-il-calciatore-nero-jose-germano\/","title":{"rendered":"50 anni fa matrimonio scandalo tra la contessina Agusta e il calciatore nero Jos\u00e8 Germano"},"content":{"rendered":"<p>l 17 giugno 1967 matrimonio-scandalo a Liegi (Belgio) tra Giovanna Agusta, contessina miliardaria figlia del re degli elicotteri, e Jos\u00e8 Germano, calciatore brasiliano di colore che gioca nel Milan. Dall&#8217;unione nasce una bimba, Lul\u00f9. Il matrimonio terminer\u00e0 nel 1970 con una separazione, seguita poi dal divorzio. La Agusta nel 1976 si sposa per la seconda volta, a Los Angeles (California, Usa), con Charles Acelor, manager di origine asiatica.<\/p>\n","protected":false},"excerpt":{"rendered":"<p>l 17 giugno 1967 matrimonio-scandalo a Liegi (Belgio) tra Giovanna Agusta, contessina miliardaria figlia del re degli elicotteri, e Jos\u00e8 Germano, calciatore brasiliano di colore che gioca nel Milan. Dall&#8217;unione nasce una bimba, Lul\u00f9. Il matrimonio terminer\u00e0 nel 1970 con una separazione, seguita poi dal divorzio. La Agusta nel 1976 si sposa per la seconda [&hellip;]<\/p>\n","protected":false},"author":1,"featured_media":0,"comment_status":"open","ping_status":"open","sticky":false,"template":"","format":"standard","meta":{"footnotes":""},"categories":[],"tags":[],"class_list":["post-11804","post","type-post","status-publish","format-standard","hentry"],"_links":{"self":[{"href":"https:\/\/datastorica.it\/blog\/wp-json\/wp\/v2\/posts\/11804","targetHints":{"allow":["GET"]}}],"collection":[{"href":"https:\/\/datastorica.it\/blog\/wp-json\/wp\/v2\/posts"}],"about":[{"href":"https:\/\/datastorica.it\/blog\/wp-json\/wp\/v2\/types\/post"}],"author":[{"embeddable":true,"href":"https:\/\/datastorica.it\/blog\/wp-json\/wp\/v2\/users\/1"}],"replies":[{"embeddable":true,"href":"https:\/\/datastorica.it\/blog\/wp-json\/wp\/v2\/comments?post=11804"}],"version-history":[{"count":1,"href":"https:\/\/datastorica.it\/blog\/wp-json\/wp\/v2\/posts\/11804\/revisions"}],"predecessor-version":[{"id":11805,"href":"https:\/\/datastorica.it\/blog\/wp-json\/wp\/v2\/posts\/11804\/revisions\/11805"}],"wp:attachment":[{"href":"https:\/\/datastorica.it\/blog\/wp-json\/wp\/v2\/media?parent=11804"}],"wp:term":[{"taxonomy":"category","embeddable":true,"href":"https:\/\/datastorica.it\/blog\/wp-json\/wp\/v2\/categories?post=11804"},{"taxonomy":"post_tag","embeddable":true,"href":"https:\/\/datastorica.it\/blog\/wp-json\/wp\/v2\/tags?post=11804"}],"curies":[{"name":"wp","href":"https:\/\/api.w.org\/{rel}","templated":true}]}}