{"id":11810,"date":"2017-06-17T16:07:42","date_gmt":"2017-06-17T14:07:42","guid":{"rendered":"http:\/\/datastorica.agenziacalendario.com\/?p=11810"},"modified":"2017-06-17T11:08:46","modified_gmt":"2017-06-17T09:08:46","slug":"dieci-anni-fa-muore-lo-stilista-gianfranco-ferre-larchitetto-della-moda","status":"publish","type":"post","link":"https:\/\/datastorica.it\/blog\/2017\/06\/17\/dieci-anni-fa-muore-lo-stilista-gianfranco-ferre-larchitetto-della-moda\/","title":{"rendered":"Dieci anni fa muore lo stilista Gianfranco Ferr\u00e9, &#8220;l&#8217;architetto della moda&#8221;"},"content":{"rendered":"<p>l 17 giugno 2007 muore a Milano lo stilista Gianfranco Ferr\u00e9, uno dei principali protagonisti della moda italiana. Ferr\u00e9 nasce il 15 agosto 1944 a Legnano (Milano) e nel 1969 si laurea in architettura e subito intraprende la carriera nel settore della moda creando accessori e bijoux. Dopo varie collaborazioni come free lance, nel 1978 lancia una linea di abiti sportivi alla quale seguono ben presto linee bagno, profumi, orologi, occhiali e accessori. Nel 1986 Ferr\u00e9 presenta a Roma la sua prima collezione di alta moda; dal 1989 \u00e8 direttore artistico della Maison Dior a Parigi (Francia) per la haute couture, il pr\u00eat-\u00e0-porter e la pellicceria.<\/p>\n","protected":false},"excerpt":{"rendered":"<p>l 17 giugno 2007 muore a Milano lo stilista Gianfranco Ferr\u00e9, uno dei principali protagonisti della moda italiana. Ferr\u00e9 nasce il 15 agosto 1944 a Legnano (Milano) e nel 1969 si laurea in architettura e subito intraprende la carriera nel settore della moda creando accessori e bijoux. Dopo varie collaborazioni come free lance, nel 1978 [&hellip;]<\/p>\n","protected":false},"author":1,"featured_media":0,"comment_status":"open","ping_status":"open","sticky":false,"template":"","format":"standard","meta":{"footnotes":""},"categories":[],"tags":[],"class_list":["post-11810","post","type-post","status-publish","format-standard","hentry"],"_links":{"self":[{"href":"https:\/\/datastorica.it\/blog\/wp-json\/wp\/v2\/posts\/11810","targetHints":{"allow":["GET"]}}],"collection":[{"href":"https:\/\/datastorica.it\/blog\/wp-json\/wp\/v2\/posts"}],"about":[{"href":"https:\/\/datastorica.it\/blog\/wp-json\/wp\/v2\/types\/post"}],"author":[{"embeddable":true,"href":"https:\/\/datastorica.it\/blog\/wp-json\/wp\/v2\/users\/1"}],"replies":[{"embeddable":true,"href":"https:\/\/datastorica.it\/blog\/wp-json\/wp\/v2\/comments?post=11810"}],"version-history":[{"count":1,"href":"https:\/\/datastorica.it\/blog\/wp-json\/wp\/v2\/posts\/11810\/revisions"}],"predecessor-version":[{"id":11811,"href":"https:\/\/datastorica.it\/blog\/wp-json\/wp\/v2\/posts\/11810\/revisions\/11811"}],"wp:attachment":[{"href":"https:\/\/datastorica.it\/blog\/wp-json\/wp\/v2\/media?parent=11810"}],"wp:term":[{"taxonomy":"category","embeddable":true,"href":"https:\/\/datastorica.it\/blog\/wp-json\/wp\/v2\/categories?post=11810"},{"taxonomy":"post_tag","embeddable":true,"href":"https:\/\/datastorica.it\/blog\/wp-json\/wp\/v2\/tags?post=11810"}],"curies":[{"name":"wp","href":"https:\/\/api.w.org\/{rel}","templated":true}]}}