{"id":11812,"date":"2017-06-18T08:00:13","date_gmt":"2017-06-18T06:00:13","guid":{"rendered":"http:\/\/datastorica.agenziacalendario.com\/?p=11812"},"modified":"2017-06-17T17:38:54","modified_gmt":"2017-06-17T15:38:54","slug":"260-anni-fa-nasce-il-compositore-ignaz-joseph-pleyel-fonda-la-casa-di-pianoforti-omonima","status":"publish","type":"post","link":"https:\/\/datastorica.it\/blog\/2017\/06\/18\/260-anni-fa-nasce-il-compositore-ignaz-joseph-pleyel-fonda-la-casa-di-pianoforti-omonima\/","title":{"rendered":"260 anni fa nasce il compositore Ignaz Joseph Pleyel, fonda la casa di pianoforti omonima"},"content":{"rendered":"<p>Il 18 giugno 1757 nasce a Ruppersthal (Austria) Ignaz Joseph Pleyel: gi\u00e0 allievo di Haydn, \u00e8 compositore e maestro di cappella a Vienna (Austria), Strasburgo (Francia), Londra (Inghilterra). Nel 1795 si stabilisce a Parigi (Francia) dove nel 1807 fonda una fabbrica di pianoforti diventata rapidamente famosa. La sua notoriet\u00e0 \u00e8 legata a tale iniziativa pi\u00f9 che alla vasta produzione musicale, nello stile classico haydniano-viennese (due opere, cantate patriottiche, sinfonie, concerti e musica da camera). Pleyel muore il 14 novembre 1831 a Parigi.<\/p>\n","protected":false},"excerpt":{"rendered":"<p>Il 18 giugno 1757 nasce a Ruppersthal (Austria) Ignaz Joseph Pleyel: gi\u00e0 allievo di Haydn, \u00e8 compositore e maestro di cappella a Vienna (Austria), Strasburgo (Francia), Londra (Inghilterra). Nel 1795 si stabilisce a Parigi (Francia) dove nel 1807 fonda una fabbrica di pianoforti diventata rapidamente famosa. La sua notoriet\u00e0 \u00e8 legata a tale iniziativa pi\u00f9 [&hellip;]<\/p>\n","protected":false},"author":1,"featured_media":0,"comment_status":"open","ping_status":"open","sticky":false,"template":"","format":"standard","meta":{"footnotes":""},"categories":[],"tags":[],"class_list":["post-11812","post","type-post","status-publish","format-standard","hentry"],"_links":{"self":[{"href":"https:\/\/datastorica.it\/blog\/wp-json\/wp\/v2\/posts\/11812","targetHints":{"allow":["GET"]}}],"collection":[{"href":"https:\/\/datastorica.it\/blog\/wp-json\/wp\/v2\/posts"}],"about":[{"href":"https:\/\/datastorica.it\/blog\/wp-json\/wp\/v2\/types\/post"}],"author":[{"embeddable":true,"href":"https:\/\/datastorica.it\/blog\/wp-json\/wp\/v2\/users\/1"}],"replies":[{"embeddable":true,"href":"https:\/\/datastorica.it\/blog\/wp-json\/wp\/v2\/comments?post=11812"}],"version-history":[{"count":1,"href":"https:\/\/datastorica.it\/blog\/wp-json\/wp\/v2\/posts\/11812\/revisions"}],"predecessor-version":[{"id":11813,"href":"https:\/\/datastorica.it\/blog\/wp-json\/wp\/v2\/posts\/11812\/revisions\/11813"}],"wp:attachment":[{"href":"https:\/\/datastorica.it\/blog\/wp-json\/wp\/v2\/media?parent=11812"}],"wp:term":[{"taxonomy":"category","embeddable":true,"href":"https:\/\/datastorica.it\/blog\/wp-json\/wp\/v2\/categories?post=11812"},{"taxonomy":"post_tag","embeddable":true,"href":"https:\/\/datastorica.it\/blog\/wp-json\/wp\/v2\/tags?post=11812"}],"curies":[{"name":"wp","href":"https:\/\/api.w.org\/{rel}","templated":true}]}}