{"id":11830,"date":"2017-06-19T08:42:30","date_gmt":"2017-06-19T06:42:30","guid":{"rendered":"http:\/\/datastorica.agenziacalendario.com\/?p=11830"},"modified":"2017-06-18T20:44:43","modified_gmt":"2017-06-18T18:44:43","slug":"150-anni-fa-muore-massimiliano-dasburgo-arciduca-daustria-e-imperatore-del-messico","status":"publish","type":"post","link":"https:\/\/datastorica.it\/blog\/2017\/06\/19\/150-anni-fa-muore-massimiliano-dasburgo-arciduca-daustria-e-imperatore-del-messico\/","title":{"rendered":"150 anni fa muore Massimiliano d&#8217;Asburgo, arciduca d\u2019Austria e imperatore del Messico"},"content":{"rendered":"<p>Il 19 giugno 1867 a Quer\u00e9taro (Messico) muore Massimiliano d&#8217;Asburgo, fucilato dal capo dei repubblicani Benito Ju\u00e1rez. Fratello minore di Francesco Giuseppe I, imperatore d\u2019Austria, Massimiliano nasce il 6 luglio 1832 a Vienna. Ammiraglio della Marina austriaca, dal 1857 al 1859 \u00e8 governatore del Regno Lombardo &#8211; Veneto. Nel 1863 l\u2019imperatore francese Napoleone III gli offre la corona del Messico. Convinti di poter contare sul consenso popolare, Massimiliano e la moglie Carlotta, appoggiati dalle truppe di occupazione francesi, si insediano nel 1864 sul trono del Messico. Le pressioni degli Stati Uniti, impegnati nella guerra di secessione ma contrari alla presenza francese sul suolo americano, portano nel 1866 al ritiro delle forze francesi dal paese; Massimiliano si rifiuta tuttavia di seguirle. Le forze repubblicane, guidate da Benito Ju\u00e1rez, riprendono rapidamente il controllo del Messico. Catturato dai repubblicani a Quer\u00e9taro nel maggio 1867, Massimiliano \u00e8 processato davanti alla corte marziale e condannato a morte.<\/p>\n","protected":false},"excerpt":{"rendered":"<p>Il 19 giugno 1867 a Quer\u00e9taro (Messico) muore Massimiliano d&#8217;Asburgo, fucilato dal capo dei repubblicani Benito Ju\u00e1rez. Fratello minore di Francesco Giuseppe I, imperatore d\u2019Austria, Massimiliano nasce il 6 luglio 1832 a Vienna. Ammiraglio della Marina austriaca, dal 1857 al 1859 \u00e8 governatore del Regno Lombardo &#8211; Veneto. Nel 1863 l\u2019imperatore francese Napoleone III gli [&hellip;]<\/p>\n","protected":false},"author":1,"featured_media":0,"comment_status":"open","ping_status":"open","sticky":false,"template":"","format":"standard","meta":{"footnotes":""},"categories":[],"tags":[],"class_list":["post-11830","post","type-post","status-publish","format-standard","hentry"],"_links":{"self":[{"href":"https:\/\/datastorica.it\/blog\/wp-json\/wp\/v2\/posts\/11830","targetHints":{"allow":["GET"]}}],"collection":[{"href":"https:\/\/datastorica.it\/blog\/wp-json\/wp\/v2\/posts"}],"about":[{"href":"https:\/\/datastorica.it\/blog\/wp-json\/wp\/v2\/types\/post"}],"author":[{"embeddable":true,"href":"https:\/\/datastorica.it\/blog\/wp-json\/wp\/v2\/users\/1"}],"replies":[{"embeddable":true,"href":"https:\/\/datastorica.it\/blog\/wp-json\/wp\/v2\/comments?post=11830"}],"version-history":[{"count":1,"href":"https:\/\/datastorica.it\/blog\/wp-json\/wp\/v2\/posts\/11830\/revisions"}],"predecessor-version":[{"id":11831,"href":"https:\/\/datastorica.it\/blog\/wp-json\/wp\/v2\/posts\/11830\/revisions\/11831"}],"wp:attachment":[{"href":"https:\/\/datastorica.it\/blog\/wp-json\/wp\/v2\/media?parent=11830"}],"wp:term":[{"taxonomy":"category","embeddable":true,"href":"https:\/\/datastorica.it\/blog\/wp-json\/wp\/v2\/categories?post=11830"},{"taxonomy":"post_tag","embeddable":true,"href":"https:\/\/datastorica.it\/blog\/wp-json\/wp\/v2\/tags?post=11830"}],"curies":[{"name":"wp","href":"https:\/\/api.w.org\/{rel}","templated":true}]}}