{"id":11834,"date":"2017-06-19T10:15:32","date_gmt":"2017-06-19T08:15:32","guid":{"rendered":"http:\/\/datastorica.agenziacalendario.com\/?p=11834"},"modified":"2017-06-18T20:53:49","modified_gmt":"2017-06-18T18:53:49","slug":"80-anni-fa-nasce-il-filosofo-andre-glucksmann","status":"publish","type":"post","link":"https:\/\/datastorica.it\/blog\/2017\/06\/19\/80-anni-fa-nasce-il-filosofo-andre-glucksmann\/","title":{"rendered":"80 anni fa nasce  il filosofo Andr\u00e9 Glucksmann"},"content":{"rendered":"<p>Il 19 giugno 1937 nasce a Boulogne-Billancourt (Francia) il filosofo Andr\u00e9 Glucksmann, appartenente, con Bernard-Henri L\u00e9vy, al gruppo dei &#8216;nuovi filosofi&#8217;. Orientato su posizioni maoiste durante il maggio 1968, in seguito Glucksmann ripudia quelle scelte e si impegna a favore dei diritti dell&#8217;uomo, condannando tutte le ideologie totalitarie. Tra le sue opere principali &#8220;Il discorso della guerra&#8221; (1967), &#8220;I padroni del pensiero&#8221; (1978). In &#8220;Dostoevskij a Manhattan&#8221; (2002), analizza il terrorismo contemporaneo a partire dalle istanze nichiliste presenti in tutte le ideologie. Glucksmann muore il 10 novembre 2015 a Parigi (Francia).<\/p>\n","protected":false},"excerpt":{"rendered":"<p>Il 19 giugno 1937 nasce a Boulogne-Billancourt (Francia) il filosofo Andr\u00e9 Glucksmann, appartenente, con Bernard-Henri L\u00e9vy, al gruppo dei &#8216;nuovi filosofi&#8217;. Orientato su posizioni maoiste durante il maggio 1968, in seguito Glucksmann ripudia quelle scelte e si impegna a favore dei diritti dell&#8217;uomo, condannando tutte le ideologie totalitarie. Tra le sue opere principali &#8220;Il discorso [&hellip;]<\/p>\n","protected":false},"author":1,"featured_media":0,"comment_status":"open","ping_status":"open","sticky":false,"template":"","format":"standard","meta":{"footnotes":""},"categories":[],"tags":[],"class_list":["post-11834","post","type-post","status-publish","format-standard","hentry"],"_links":{"self":[{"href":"https:\/\/datastorica.it\/blog\/wp-json\/wp\/v2\/posts\/11834","targetHints":{"allow":["GET"]}}],"collection":[{"href":"https:\/\/datastorica.it\/blog\/wp-json\/wp\/v2\/posts"}],"about":[{"href":"https:\/\/datastorica.it\/blog\/wp-json\/wp\/v2\/types\/post"}],"author":[{"embeddable":true,"href":"https:\/\/datastorica.it\/blog\/wp-json\/wp\/v2\/users\/1"}],"replies":[{"embeddable":true,"href":"https:\/\/datastorica.it\/blog\/wp-json\/wp\/v2\/comments?post=11834"}],"version-history":[{"count":1,"href":"https:\/\/datastorica.it\/blog\/wp-json\/wp\/v2\/posts\/11834\/revisions"}],"predecessor-version":[{"id":11835,"href":"https:\/\/datastorica.it\/blog\/wp-json\/wp\/v2\/posts\/11834\/revisions\/11835"}],"wp:attachment":[{"href":"https:\/\/datastorica.it\/blog\/wp-json\/wp\/v2\/media?parent=11834"}],"wp:term":[{"taxonomy":"category","embeddable":true,"href":"https:\/\/datastorica.it\/blog\/wp-json\/wp\/v2\/categories?post=11834"},{"taxonomy":"post_tag","embeddable":true,"href":"https:\/\/datastorica.it\/blog\/wp-json\/wp\/v2\/tags?post=11834"}],"curies":[{"name":"wp","href":"https:\/\/api.w.org\/{rel}","templated":true}]}}