{"id":11838,"date":"2017-06-19T11:45:12","date_gmt":"2017-06-19T09:45:12","guid":{"rendered":"http:\/\/datastorica.agenziacalendario.com\/?p=11838"},"modified":"2017-06-18T20:58:41","modified_gmt":"2017-06-18T18:58:41","slug":"60-anni-fa-nasce-la-politica-anna-lindh-uccisa-in-strada-nel-2003","status":"publish","type":"post","link":"https:\/\/datastorica.it\/blog\/2017\/06\/19\/60-anni-fa-nasce-la-politica-anna-lindh-uccisa-in-strada-nel-2003\/","title":{"rendered":"60 anni fa nasce la politica Anna Lindh, uccisa in strada nel 2003"},"content":{"rendered":"<p>Il 19 giugno 1957 nasce a Stoccolma (Svezia) Anna Lindh, politica svedese europeista convinta, che sar\u00e0 uccisa pochi giorni prima del referendum che decide l\u2019ingresso della Svezia nella zona euro. Dopo Olof Palme, \u00e8 il secondo personaggio politico svedese ad essere ucciso in strada. Laureata in legge nel 1982 all&#8217;Universit\u00e0 di Uppsala (Svezia), nello stesso anno \u00e8 eletta al Parlamento nella lista del Partito socialdemocratico svedese (Sap). Nel 1994 \u00e8 Ministro dell&#8217;ambiente, incarico che mantiene fino al 1998, quando le \u00e8 affidato il Ministero degli Esteri. Il 10 settembre 2003 \u00e8 accoltellata da Mijailo Mijailovic mentre fa la spesa in un negozio di Stoccolma. Muore il giorno seguente.<\/p>\n","protected":false},"excerpt":{"rendered":"<p>Il 19 giugno 1957 nasce a Stoccolma (Svezia) Anna Lindh, politica svedese europeista convinta, che sar\u00e0 uccisa pochi giorni prima del referendum che decide l\u2019ingresso della Svezia nella zona euro. Dopo Olof Palme, \u00e8 il secondo personaggio politico svedese ad essere ucciso in strada. Laureata in legge nel 1982 all&#8217;Universit\u00e0 di Uppsala (Svezia), nello stesso [&hellip;]<\/p>\n","protected":false},"author":1,"featured_media":0,"comment_status":"open","ping_status":"open","sticky":false,"template":"","format":"standard","meta":{"footnotes":""},"categories":[],"tags":[],"class_list":["post-11838","post","type-post","status-publish","format-standard","hentry"],"_links":{"self":[{"href":"https:\/\/datastorica.it\/blog\/wp-json\/wp\/v2\/posts\/11838","targetHints":{"allow":["GET"]}}],"collection":[{"href":"https:\/\/datastorica.it\/blog\/wp-json\/wp\/v2\/posts"}],"about":[{"href":"https:\/\/datastorica.it\/blog\/wp-json\/wp\/v2\/types\/post"}],"author":[{"embeddable":true,"href":"https:\/\/datastorica.it\/blog\/wp-json\/wp\/v2\/users\/1"}],"replies":[{"embeddable":true,"href":"https:\/\/datastorica.it\/blog\/wp-json\/wp\/v2\/comments?post=11838"}],"version-history":[{"count":1,"href":"https:\/\/datastorica.it\/blog\/wp-json\/wp\/v2\/posts\/11838\/revisions"}],"predecessor-version":[{"id":11839,"href":"https:\/\/datastorica.it\/blog\/wp-json\/wp\/v2\/posts\/11838\/revisions\/11839"}],"wp:attachment":[{"href":"https:\/\/datastorica.it\/blog\/wp-json\/wp\/v2\/media?parent=11838"}],"wp:term":[{"taxonomy":"category","embeddable":true,"href":"https:\/\/datastorica.it\/blog\/wp-json\/wp\/v2\/categories?post=11838"},{"taxonomy":"post_tag","embeddable":true,"href":"https:\/\/datastorica.it\/blog\/wp-json\/wp\/v2\/tags?post=11838"}],"curies":[{"name":"wp","href":"https:\/\/api.w.org\/{rel}","templated":true}]}}