{"id":11846,"date":"2017-06-19T14:43:52","date_gmt":"2017-06-19T12:43:52","guid":{"rendered":"http:\/\/datastorica.agenziacalendario.com\/?p=11846"},"modified":"2017-06-18T21:04:45","modified_gmt":"2017-06-18T19:04:45","slug":"30-anni-fa-terrorismo-camion-bomba-delleta-in-un-centro-commerciale-21-morti","status":"publish","type":"post","link":"https:\/\/datastorica.it\/blog\/2017\/06\/19\/30-anni-fa-terrorismo-camion-bomba-delleta-in-un-centro-commerciale-21-morti\/","title":{"rendered":"30 anni fa, Terrorismo: camion bomba dell&#8217;Eta in un centro commerciale, 21 morti"},"content":{"rendered":"<p>Il 13 giugno 1987 un&#8217;autobomba esplode nel sotterraneo di un grande magazzino del centro commerciale Hipercor, a Barcellona, provocando ventuno morti e 45 feriti: \u00e8 l&#8217;attentato pi\u00f9 sanguinoso della storia del movimento separatista basco Eta (Euzkadi Ta Azkatasuna &#8211; Patria basca e libert\u00e0). La strage sollever\u00e0 una ondata di indignazione nel paese e l&#8217;Eta tenter\u00e0 di scaricare parte delle responsabilit\u00e0 sulle forze di polizia che, nonostante l&#8217;esplosione fosse stato preannunciata da una telefonata, non erano riuscite a disinnescare l&#8217;ordigno e ad evacuare l&#8217;edificio.<\/p>\n","protected":false},"excerpt":{"rendered":"<p>Il 13 giugno 1987 un&#8217;autobomba esplode nel sotterraneo di un grande magazzino del centro commerciale Hipercor, a Barcellona, provocando ventuno morti e 45 feriti: \u00e8 l&#8217;attentato pi\u00f9 sanguinoso della storia del movimento separatista basco Eta (Euzkadi Ta Azkatasuna &#8211; Patria basca e libert\u00e0). La strage sollever\u00e0 una ondata di indignazione nel paese e l&#8217;Eta tenter\u00e0 [&hellip;]<\/p>\n","protected":false},"author":1,"featured_media":0,"comment_status":"open","ping_status":"open","sticky":false,"template":"","format":"standard","meta":{"footnotes":""},"categories":[],"tags":[],"class_list":["post-11846","post","type-post","status-publish","format-standard","hentry"],"_links":{"self":[{"href":"https:\/\/datastorica.it\/blog\/wp-json\/wp\/v2\/posts\/11846","targetHints":{"allow":["GET"]}}],"collection":[{"href":"https:\/\/datastorica.it\/blog\/wp-json\/wp\/v2\/posts"}],"about":[{"href":"https:\/\/datastorica.it\/blog\/wp-json\/wp\/v2\/types\/post"}],"author":[{"embeddable":true,"href":"https:\/\/datastorica.it\/blog\/wp-json\/wp\/v2\/users\/1"}],"replies":[{"embeddable":true,"href":"https:\/\/datastorica.it\/blog\/wp-json\/wp\/v2\/comments?post=11846"}],"version-history":[{"count":1,"href":"https:\/\/datastorica.it\/blog\/wp-json\/wp\/v2\/posts\/11846\/revisions"}],"predecessor-version":[{"id":11847,"href":"https:\/\/datastorica.it\/blog\/wp-json\/wp\/v2\/posts\/11846\/revisions\/11847"}],"wp:attachment":[{"href":"https:\/\/datastorica.it\/blog\/wp-json\/wp\/v2\/media?parent=11846"}],"wp:term":[{"taxonomy":"category","embeddable":true,"href":"https:\/\/datastorica.it\/blog\/wp-json\/wp\/v2\/categories?post=11846"},{"taxonomy":"post_tag","embeddable":true,"href":"https:\/\/datastorica.it\/blog\/wp-json\/wp\/v2\/tags?post=11846"}],"curies":[{"name":"wp","href":"https:\/\/api.w.org\/{rel}","templated":true}]}}