{"id":11869,"date":"2017-06-20T14:45:47","date_gmt":"2017-06-20T12:45:47","guid":{"rendered":"http:\/\/datastorica.agenziacalendario.com\/?p=11869"},"modified":"2017-06-19T22:39:07","modified_gmt":"2017-06-19T20:39:07","slug":"20-anni-fa-cccordo-interconfederale-sul-telelavoro-subordinato","status":"publish","type":"post","link":"https:\/\/datastorica.it\/blog\/2017\/06\/20\/20-anni-fa-cccordo-interconfederale-sul-telelavoro-subordinato\/","title":{"rendered":"20 anni fa cccordo interconfederale sul telelavoro subordinato"},"content":{"rendered":"<p>Il 20 giugno 1997 siglato a Roma l&#8217;accordo sul telelavoro subordinato tra Confcommercio e Filcams-Fisascat-Uiltucs per i dipendenti del terziario, della distribuzione e dei servizi. L&#8217;accordo individua una serie di principi base: volontariet\u00e0 e reversibilit\u00e0 del rapporto, pari opportunit\u00e0 rispetto a progressioni di carriera o iniziative formative, predeterminazione dell&#8217;orario di lavoro, garanzia del mantenimento dello stesso impegno professionale, esplicitazione dei legami funzionali e gerarchici.<\/p>\n","protected":false},"excerpt":{"rendered":"<p>Il 20 giugno 1997 siglato a Roma l&#8217;accordo sul telelavoro subordinato tra Confcommercio e Filcams-Fisascat-Uiltucs per i dipendenti del terziario, della distribuzione e dei servizi. L&#8217;accordo individua una serie di principi base: volontariet\u00e0 e reversibilit\u00e0 del rapporto, pari opportunit\u00e0 rispetto a progressioni di carriera o iniziative formative, predeterminazione dell&#8217;orario di lavoro, garanzia del mantenimento dello [&hellip;]<\/p>\n","protected":false},"author":1,"featured_media":0,"comment_status":"open","ping_status":"open","sticky":false,"template":"","format":"standard","meta":{"footnotes":""},"categories":[],"tags":[],"class_list":["post-11869","post","type-post","status-publish","format-standard","hentry"],"_links":{"self":[{"href":"https:\/\/datastorica.it\/blog\/wp-json\/wp\/v2\/posts\/11869","targetHints":{"allow":["GET"]}}],"collection":[{"href":"https:\/\/datastorica.it\/blog\/wp-json\/wp\/v2\/posts"}],"about":[{"href":"https:\/\/datastorica.it\/blog\/wp-json\/wp\/v2\/types\/post"}],"author":[{"embeddable":true,"href":"https:\/\/datastorica.it\/blog\/wp-json\/wp\/v2\/users\/1"}],"replies":[{"embeddable":true,"href":"https:\/\/datastorica.it\/blog\/wp-json\/wp\/v2\/comments?post=11869"}],"version-history":[{"count":1,"href":"https:\/\/datastorica.it\/blog\/wp-json\/wp\/v2\/posts\/11869\/revisions"}],"predecessor-version":[{"id":11870,"href":"https:\/\/datastorica.it\/blog\/wp-json\/wp\/v2\/posts\/11869\/revisions\/11870"}],"wp:attachment":[{"href":"https:\/\/datastorica.it\/blog\/wp-json\/wp\/v2\/media?parent=11869"}],"wp:term":[{"taxonomy":"category","embeddable":true,"href":"https:\/\/datastorica.it\/blog\/wp-json\/wp\/v2\/categories?post=11869"},{"taxonomy":"post_tag","embeddable":true,"href":"https:\/\/datastorica.it\/blog\/wp-json\/wp\/v2\/tags?post=11869"}],"curies":[{"name":"wp","href":"https:\/\/api.w.org\/{rel}","templated":true}]}}