{"id":12180,"date":"2017-07-11T11:45:45","date_gmt":"2017-07-11T09:45:45","guid":{"rendered":"http:\/\/datastorica.agenziacalendario.com\/?p=12180"},"modified":"2017-07-10T20:13:31","modified_gmt":"2017-07-10T18:13:31","slug":"60-anni-fa-muore-aga-khan-iii-imam-degli-ismailiti-indiani","status":"publish","type":"post","link":"https:\/\/datastorica.it\/blog\/2017\/07\/11\/60-anni-fa-muore-aga-khan-iii-imam-degli-ismailiti-indiani\/","title":{"rendered":"60 anni fa muore Aga Khan III, imam degli ismailiti indiani"},"content":{"rendered":"<p>L&#8217;11 luglio 1957 muore a Versoix (Svizzera) l&#8217; Aga Khan III, capo supremo (imam) degli ismailiti indiani. Figlio dell&#8217;Aga Khan II, alla cui morte nel 1885 eredita il titolo di imam, Sultan Mohammed Shah (questo il suo nome) nasce il 2 novembre 1877 a Karachi (India). Durante la prima guerra mondiale sostiene gli Alleati, battendosi poi inutilmente per evitare lo smembramento dell&#8217;impero ottomano e diventarne califfo. Nel 1932 e dal 1934 al 1937 \u00e8 a capo della delegazione indiana all&#8217;assemblea della Societ\u00e0 delle Nazioni. Alla sua morte, il titolo di imam \u00e8 ereditato dal nipote, Karim Aga Khan IV.<\/p>\n","protected":false},"excerpt":{"rendered":"<p>L&#8217;11 luglio 1957 muore a Versoix (Svizzera) l&#8217; Aga Khan III, capo supremo (imam) degli ismailiti indiani. Figlio dell&#8217;Aga Khan II, alla cui morte nel 1885 eredita il titolo di imam, Sultan Mohammed Shah (questo il suo nome) nasce il 2 novembre 1877 a Karachi (India). Durante la prima guerra mondiale sostiene gli Alleati, battendosi [&hellip;]<\/p>\n","protected":false},"author":1,"featured_media":0,"comment_status":"open","ping_status":"open","sticky":false,"template":"","format":"standard","meta":{"footnotes":""},"categories":[],"tags":[],"class_list":["post-12180","post","type-post","status-publish","format-standard","hentry"],"_links":{"self":[{"href":"https:\/\/datastorica.it\/blog\/wp-json\/wp\/v2\/posts\/12180","targetHints":{"allow":["GET"]}}],"collection":[{"href":"https:\/\/datastorica.it\/blog\/wp-json\/wp\/v2\/posts"}],"about":[{"href":"https:\/\/datastorica.it\/blog\/wp-json\/wp\/v2\/types\/post"}],"author":[{"embeddable":true,"href":"https:\/\/datastorica.it\/blog\/wp-json\/wp\/v2\/users\/1"}],"replies":[{"embeddable":true,"href":"https:\/\/datastorica.it\/blog\/wp-json\/wp\/v2\/comments?post=12180"}],"version-history":[{"count":1,"href":"https:\/\/datastorica.it\/blog\/wp-json\/wp\/v2\/posts\/12180\/revisions"}],"predecessor-version":[{"id":12181,"href":"https:\/\/datastorica.it\/blog\/wp-json\/wp\/v2\/posts\/12180\/revisions\/12181"}],"wp:attachment":[{"href":"https:\/\/datastorica.it\/blog\/wp-json\/wp\/v2\/media?parent=12180"}],"wp:term":[{"taxonomy":"category","embeddable":true,"href":"https:\/\/datastorica.it\/blog\/wp-json\/wp\/v2\/categories?post=12180"},{"taxonomy":"post_tag","embeddable":true,"href":"https:\/\/datastorica.it\/blog\/wp-json\/wp\/v2\/tags?post=12180"}],"curies":[{"name":"wp","href":"https:\/\/api.w.org\/{rel}","templated":true}]}}