{"id":12184,"date":"2017-07-11T13:15:50","date_gmt":"2017-07-11T11:15:50","guid":{"rendered":"http:\/\/datastorica.agenziacalendario.com\/?p=12184"},"modified":"2017-07-10T20:17:41","modified_gmt":"2017-07-10T18:17:41","slug":"30-anni-fa-onu-la-popolazione-mondiale-supera-quota-5-miliardi","status":"publish","type":"post","link":"https:\/\/datastorica.it\/blog\/2017\/07\/11\/30-anni-fa-onu-la-popolazione-mondiale-supera-quota-5-miliardi\/","title":{"rendered":"30 anni fa, Onu: la popolazione mondiale supera quota 5 miliardi"},"content":{"rendered":"<p>L&#8217;11 luglio 1987 da qualche parte del mondo \u00e8 nato il quinto miliardesimo abitante della Terra. Con un atto simbolico il segretario generale dell&#8217;Onu, Javier P\u00e9rez de Cu\u00e9llar, si congratula con una madre jugoslava a Zagabria, che ha partorito un maschietto, Matej Gaspar. Il Fondo della popolazione delle Nazioni unite (Unfpa) designa questa data come Giorno mondiale della popolazione. Pochi anni dopo, nel 1999, la popolazione mondiale superer\u00e0 quota 6 miliardi.<\/p>\n","protected":false},"excerpt":{"rendered":"<p>L&#8217;11 luglio 1987 da qualche parte del mondo \u00e8 nato il quinto miliardesimo abitante della Terra. Con un atto simbolico il segretario generale dell&#8217;Onu, Javier P\u00e9rez de Cu\u00e9llar, si congratula con una madre jugoslava a Zagabria, che ha partorito un maschietto, Matej Gaspar. Il Fondo della popolazione delle Nazioni unite (Unfpa) designa questa data come [&hellip;]<\/p>\n","protected":false},"author":1,"featured_media":0,"comment_status":"open","ping_status":"open","sticky":false,"template":"","format":"standard","meta":{"footnotes":""},"categories":[],"tags":[],"class_list":["post-12184","post","type-post","status-publish","format-standard","hentry"],"_links":{"self":[{"href":"https:\/\/datastorica.it\/blog\/wp-json\/wp\/v2\/posts\/12184","targetHints":{"allow":["GET"]}}],"collection":[{"href":"https:\/\/datastorica.it\/blog\/wp-json\/wp\/v2\/posts"}],"about":[{"href":"https:\/\/datastorica.it\/blog\/wp-json\/wp\/v2\/types\/post"}],"author":[{"embeddable":true,"href":"https:\/\/datastorica.it\/blog\/wp-json\/wp\/v2\/users\/1"}],"replies":[{"embeddable":true,"href":"https:\/\/datastorica.it\/blog\/wp-json\/wp\/v2\/comments?post=12184"}],"version-history":[{"count":1,"href":"https:\/\/datastorica.it\/blog\/wp-json\/wp\/v2\/posts\/12184\/revisions"}],"predecessor-version":[{"id":12185,"href":"https:\/\/datastorica.it\/blog\/wp-json\/wp\/v2\/posts\/12184\/revisions\/12185"}],"wp:attachment":[{"href":"https:\/\/datastorica.it\/blog\/wp-json\/wp\/v2\/media?parent=12184"}],"wp:term":[{"taxonomy":"category","embeddable":true,"href":"https:\/\/datastorica.it\/blog\/wp-json\/wp\/v2\/categories?post=12184"},{"taxonomy":"post_tag","embeddable":true,"href":"https:\/\/datastorica.it\/blog\/wp-json\/wp\/v2\/tags?post=12184"}],"curies":[{"name":"wp","href":"https:\/\/api.w.org\/{rel}","templated":true}]}}