{"id":12202,"date":"2017-07-12T13:00:24","date_gmt":"2017-07-12T11:00:24","guid":{"rendered":"http:\/\/datastorica.agenziacalendario.com\/?p=12202"},"modified":"2017-07-11T20:50:45","modified_gmt":"2017-07-11T18:50:45","slug":"70-anni-fa-nasce-la-giornalista-ritanna-armeni-conduce-otto-e-mezzo-su-la7","status":"publish","type":"post","link":"https:\/\/datastorica.it\/blog\/2017\/07\/12\/70-anni-fa-nasce-la-giornalista-ritanna-armeni-conduce-otto-e-mezzo-su-la7\/","title":{"rendered":"70 anni fa nasce la giornalista Ritanna Armeni, conduce &#8220;Otto e mezzo&#8221; su La7"},"content":{"rendered":"<p>Il 12 luglio 1947 nasce a Brindisi la giornalista Ritanna Armeni, professionista dal 1976 \u00e8 caporedattrice di Noi donne, collabora poi alla nascita del quotidiano Il Manifesto. Collabora poi con l&#8217;Unit\u00e0 dal 1990 al 1998. Nel 1998 \u00e8 portavoce di Fausto Bertinotti, segretario di Rifondazione comunista. Collabora con il Corriere della Sera Magazine e, in qualit\u00e0 di editorialista, con il quotidiano di Rifondazione comunista, Liberazione. Fino alla primavera 2008 conduca con Giuliano Ferrara &#8220;Otto e mezzo&#8221; in onda su La 7. Attualmente la Armeni collabora con Il Riformista e RED TV e la rivista Rocca.<\/p>\n","protected":false},"excerpt":{"rendered":"<p>Il 12 luglio 1947 nasce a Brindisi la giornalista Ritanna Armeni, professionista dal 1976 \u00e8 caporedattrice di Noi donne, collabora poi alla nascita del quotidiano Il Manifesto. Collabora poi con l&#8217;Unit\u00e0 dal 1990 al 1998. Nel 1998 \u00e8 portavoce di Fausto Bertinotti, segretario di Rifondazione comunista. Collabora con il Corriere della Sera Magazine e, in [&hellip;]<\/p>\n","protected":false},"author":1,"featured_media":0,"comment_status":"open","ping_status":"open","sticky":false,"template":"","format":"standard","meta":{"footnotes":""},"categories":[],"tags":[],"class_list":["post-12202","post","type-post","status-publish","format-standard","hentry"],"_links":{"self":[{"href":"https:\/\/datastorica.it\/blog\/wp-json\/wp\/v2\/posts\/12202","targetHints":{"allow":["GET"]}}],"collection":[{"href":"https:\/\/datastorica.it\/blog\/wp-json\/wp\/v2\/posts"}],"about":[{"href":"https:\/\/datastorica.it\/blog\/wp-json\/wp\/v2\/types\/post"}],"author":[{"embeddable":true,"href":"https:\/\/datastorica.it\/blog\/wp-json\/wp\/v2\/users\/1"}],"replies":[{"embeddable":true,"href":"https:\/\/datastorica.it\/blog\/wp-json\/wp\/v2\/comments?post=12202"}],"version-history":[{"count":1,"href":"https:\/\/datastorica.it\/blog\/wp-json\/wp\/v2\/posts\/12202\/revisions"}],"predecessor-version":[{"id":12203,"href":"https:\/\/datastorica.it\/blog\/wp-json\/wp\/v2\/posts\/12202\/revisions\/12203"}],"wp:attachment":[{"href":"https:\/\/datastorica.it\/blog\/wp-json\/wp\/v2\/media?parent=12202"}],"wp:term":[{"taxonomy":"category","embeddable":true,"href":"https:\/\/datastorica.it\/blog\/wp-json\/wp\/v2\/categories?post=12202"},{"taxonomy":"post_tag","embeddable":true,"href":"https:\/\/datastorica.it\/blog\/wp-json\/wp\/v2\/tags?post=12202"}],"curies":[{"name":"wp","href":"https:\/\/api.w.org\/{rel}","templated":true}]}}