{"id":12245,"date":"2017-07-15T13:00:54","date_gmt":"2017-07-15T11:00:54","guid":{"rendered":"http:\/\/datastorica.agenziacalendario.com\/?p=12245"},"modified":"2017-07-14T21:41:19","modified_gmt":"2017-07-14T19:41:19","slug":"60-anni-fa-nasce-carlo-verdelli-direttore-della-gazzetta-dello-sport-lavora-anche-in-rai","status":"publish","type":"post","link":"https:\/\/datastorica.it\/blog\/2017\/07\/15\/60-anni-fa-nasce-carlo-verdelli-direttore-della-gazzetta-dello-sport-lavora-anche-in-rai\/","title":{"rendered":"60 anni fa nasce Carlo Verdelli, direttore della Gazzetta dello sport lavora anche in Rai"},"content":{"rendered":"<p>Il 15 luglio 1957 nasce a Milano il giornalista Carlo Verdelli, direttore della Gazzetta dello sport. Inizia la sua carriera giornalistica nel 1978, al mensile di Mondadori Duepi\u00f9. Passa poi a Panorama Mese e, nel 1986, a Epoca, settimanale di punta della Mondadori. Nel 1994 Paolo Mieli lo assume come nuovo direttore del magazine Sette del Corriere della Sera. In seguito \u00e8 vicedirettore del Corriere. Lascia la Rcs nel 2004 per rilanciare il settimanale Vanity Fair della Cond\u00e9 Nast. Dal 24 gennaio 2006 \u00e8 direttore della Gazzetta dello Sport. Lascia a febbraio 2010 per tornare in Cond\u00e9 Nast come vice presidente esecutivo del gruppo editoriale americano. Il 25 luglio 2012 vengono annunciate le dimissioni da Cond\u00e9 Nast. Continuer\u00e0 a collaborare con la casa editrice come consulente e rester\u00e0 comunque membro del consiglio di amministrazione e dell&#8217;Editorial advisory board. Il 26 novembre 2015 il Consiglio di Amministrazione della Rai lo nomina Direttore editoriale per l&#8217;Offerta Informativa ma il 3 gennaio 2017 si dimette dalla Rai e dalla carica di Direttore editoriale per l&#8217;Offerta Informativa dopo la bocciatura (senza voto) del suo &#8220;Piano di riforma per l&#8217;informazione&#8221; da parte del Consiglio di amministrazione dell&#8217;azienda.<\/p>\n","protected":false},"excerpt":{"rendered":"<p>Il 15 luglio 1957 nasce a Milano il giornalista Carlo Verdelli, direttore della Gazzetta dello sport. Inizia la sua carriera giornalistica nel 1978, al mensile di Mondadori Duepi\u00f9. Passa poi a Panorama Mese e, nel 1986, a Epoca, settimanale di punta della Mondadori. Nel 1994 Paolo Mieli lo assume come nuovo direttore del magazine Sette [&hellip;]<\/p>\n","protected":false},"author":1,"featured_media":0,"comment_status":"open","ping_status":"open","sticky":false,"template":"","format":"standard","meta":{"footnotes":""},"categories":[],"tags":[],"class_list":["post-12245","post","type-post","status-publish","format-standard","hentry"],"_links":{"self":[{"href":"https:\/\/datastorica.it\/blog\/wp-json\/wp\/v2\/posts\/12245","targetHints":{"allow":["GET"]}}],"collection":[{"href":"https:\/\/datastorica.it\/blog\/wp-json\/wp\/v2\/posts"}],"about":[{"href":"https:\/\/datastorica.it\/blog\/wp-json\/wp\/v2\/types\/post"}],"author":[{"embeddable":true,"href":"https:\/\/datastorica.it\/blog\/wp-json\/wp\/v2\/users\/1"}],"replies":[{"embeddable":true,"href":"https:\/\/datastorica.it\/blog\/wp-json\/wp\/v2\/comments?post=12245"}],"version-history":[{"count":1,"href":"https:\/\/datastorica.it\/blog\/wp-json\/wp\/v2\/posts\/12245\/revisions"}],"predecessor-version":[{"id":12246,"href":"https:\/\/datastorica.it\/blog\/wp-json\/wp\/v2\/posts\/12245\/revisions\/12246"}],"wp:attachment":[{"href":"https:\/\/datastorica.it\/blog\/wp-json\/wp\/v2\/media?parent=12245"}],"wp:term":[{"taxonomy":"category","embeddable":true,"href":"https:\/\/datastorica.it\/blog\/wp-json\/wp\/v2\/categories?post=12245"},{"taxonomy":"post_tag","embeddable":true,"href":"https:\/\/datastorica.it\/blog\/wp-json\/wp\/v2\/tags?post=12245"}],"curies":[{"name":"wp","href":"https:\/\/api.w.org\/{rel}","templated":true}]}}