{"id":12377,"date":"2017-07-30T08:00:43","date_gmt":"2017-07-30T06:00:43","guid":{"rendered":"http:\/\/datastorica.agenziacalendario.com\/?p=12377"},"modified":"2017-07-28T18:18:29","modified_gmt":"2017-07-28T16:18:29","slug":"130-anni-fa-nasce-leconomista-thorstein-veblen-esempio-di-critico-sociale-radicale","status":"publish","type":"post","link":"https:\/\/datastorica.it\/blog\/2017\/07\/30\/130-anni-fa-nasce-leconomista-thorstein-veblen-esempio-di-critico-sociale-radicale\/","title":{"rendered":"130 anni fa nasce l&#8217;economista Thorstein Veblen, esempio di critico sociale radicale"},"content":{"rendered":"<p>Il 30 luglio 1857 nasce a Walders (Wisconsin, Usa) l&#8217;economista Thorstein Veblen, considerato il fondatore della moderna scuola economica istituzionalista. Avversato dal mondo accademico per la sua reputazione di critico del capitalismo e della dottrina economica ortodossa, passa da un&#8217;universit\u00e0 all&#8217;altra, costretto per lo pi\u00f9 in posizioni precarie e modeste. Nel 1926 si ritira in una casupola in una localit\u00e0 montana della California dove passa gli ultimi anni di vita. Nella sfera della teoria economica pura \u00e8 uno dei maggiori critici del marginalismo, secondo cui un sistema perfettamente concorrenziale tende a produrre risultati socialmente ottimali, conclusione che secondo Veblen deve servire sostanzialmente a proclamare l&#8217;immutabilit\u00e0 dello stato di cose esistente. Il nome di Veblen \u00e8 legato soprattutto alla &#8220;Teoria della classe agiata&#8221; (1899), opera che influenza profondamente il pensiero della sociologia economica contemporanea. Veblen muore il 3 agosto 1929 a Menlo Park (California, Usa).<\/p>\n","protected":false},"excerpt":{"rendered":"<p>Il 30 luglio 1857 nasce a Walders (Wisconsin, Usa) l&#8217;economista Thorstein Veblen, considerato il fondatore della moderna scuola economica istituzionalista. Avversato dal mondo accademico per la sua reputazione di critico del capitalismo e della dottrina economica ortodossa, passa da un&#8217;universit\u00e0 all&#8217;altra, costretto per lo pi\u00f9 in posizioni precarie e modeste. Nel 1926 si ritira in [&hellip;]<\/p>\n","protected":false},"author":1,"featured_media":0,"comment_status":"open","ping_status":"open","sticky":false,"template":"","format":"standard","meta":{"footnotes":""},"categories":[],"tags":[],"class_list":["post-12377","post","type-post","status-publish","format-standard","hentry"],"_links":{"self":[{"href":"https:\/\/datastorica.it\/blog\/wp-json\/wp\/v2\/posts\/12377","targetHints":{"allow":["GET"]}}],"collection":[{"href":"https:\/\/datastorica.it\/blog\/wp-json\/wp\/v2\/posts"}],"about":[{"href":"https:\/\/datastorica.it\/blog\/wp-json\/wp\/v2\/types\/post"}],"author":[{"embeddable":true,"href":"https:\/\/datastorica.it\/blog\/wp-json\/wp\/v2\/users\/1"}],"replies":[{"embeddable":true,"href":"https:\/\/datastorica.it\/blog\/wp-json\/wp\/v2\/comments?post=12377"}],"version-history":[{"count":1,"href":"https:\/\/datastorica.it\/blog\/wp-json\/wp\/v2\/posts\/12377\/revisions"}],"predecessor-version":[{"id":12378,"href":"https:\/\/datastorica.it\/blog\/wp-json\/wp\/v2\/posts\/12377\/revisions\/12378"}],"wp:attachment":[{"href":"https:\/\/datastorica.it\/blog\/wp-json\/wp\/v2\/media?parent=12377"}],"wp:term":[{"taxonomy":"category","embeddable":true,"href":"https:\/\/datastorica.it\/blog\/wp-json\/wp\/v2\/categories?post=12377"},{"taxonomy":"post_tag","embeddable":true,"href":"https:\/\/datastorica.it\/blog\/wp-json\/wp\/v2\/tags?post=12377"}],"curies":[{"name":"wp","href":"https:\/\/api.w.org\/{rel}","templated":true}]}}