{"id":12493,"date":"2017-08-15T15:30:44","date_gmt":"2017-08-15T13:30:44","guid":{"rendered":"http:\/\/datastorica.agenziacalendario.com\/?p=12493"},"modified":"2017-08-13T18:29:54","modified_gmt":"2017-08-13T16:29:54","slug":"40-anni-fa-il-criminale-nazista-herbert-kappler-fugge-dallospedale-militare-del-celio","status":"publish","type":"post","link":"https:\/\/datastorica.it\/blog\/2017\/08\/15\/40-anni-fa-il-criminale-nazista-herbert-kappler-fugge-dallospedale-militare-del-celio\/","title":{"rendered":"40 anni fa il criminale nazista Herbert Kappler fugge dall&#8217;ospedale militare del Celio"},"content":{"rendered":"<p>Il 15 agosto1977 il criminale di guerra Herbert Kappler fugge dall&#8217;ospedale militare del Celio a Roma, nel quale \u00e8 ricoverato. Responsabile politico dell&#8217;evasione sar\u00e0 ritenuto il Ministro della Difesa Vito Lattanzio. Kappler, che trascorre oltre 32 anni detenuto nel carcere militare di Gaeta (Latina) \u00e8 trasferito all&#8217;ospedale militare del Celio nel novembre 1976, perch\u00e9 affetto da cancro. Dopo la fuga riparer\u00e0 nella sua casa di Soltau, presso L\u00fcneburg (Germania), dove morir\u00e0 il 9 febbraio 1978. Kappler nasce il 23 settembre 1907 a Stoccarda (Germania), tenente colonnello della Gestapo artefice del rastrellamente e della deportazione di 8.000 ebrei del ghetto di Roma e del massacro delle Fosse Ardeatine, viene condannato all&#8217;ergastolo.<\/p>\n","protected":false},"excerpt":{"rendered":"<p>Il 15 agosto1977 il criminale di guerra Herbert Kappler fugge dall&#8217;ospedale militare del Celio a Roma, nel quale \u00e8 ricoverato. Responsabile politico dell&#8217;evasione sar\u00e0 ritenuto il Ministro della Difesa Vito Lattanzio. Kappler, che trascorre oltre 32 anni detenuto nel carcere militare di Gaeta (Latina) \u00e8 trasferito all&#8217;ospedale militare del Celio nel novembre 1976, perch\u00e9 affetto [&hellip;]<\/p>\n","protected":false},"author":1,"featured_media":0,"comment_status":"open","ping_status":"open","sticky":false,"template":"","format":"standard","meta":{"footnotes":""},"categories":[],"tags":[],"class_list":["post-12493","post","type-post","status-publish","format-standard","hentry"],"_links":{"self":[{"href":"https:\/\/datastorica.it\/blog\/wp-json\/wp\/v2\/posts\/12493","targetHints":{"allow":["GET"]}}],"collection":[{"href":"https:\/\/datastorica.it\/blog\/wp-json\/wp\/v2\/posts"}],"about":[{"href":"https:\/\/datastorica.it\/blog\/wp-json\/wp\/v2\/types\/post"}],"author":[{"embeddable":true,"href":"https:\/\/datastorica.it\/blog\/wp-json\/wp\/v2\/users\/1"}],"replies":[{"embeddable":true,"href":"https:\/\/datastorica.it\/blog\/wp-json\/wp\/v2\/comments?post=12493"}],"version-history":[{"count":1,"href":"https:\/\/datastorica.it\/blog\/wp-json\/wp\/v2\/posts\/12493\/revisions"}],"predecessor-version":[{"id":12494,"href":"https:\/\/datastorica.it\/blog\/wp-json\/wp\/v2\/posts\/12493\/revisions\/12494"}],"wp:attachment":[{"href":"https:\/\/datastorica.it\/blog\/wp-json\/wp\/v2\/media?parent=12493"}],"wp:term":[{"taxonomy":"category","embeddable":true,"href":"https:\/\/datastorica.it\/blog\/wp-json\/wp\/v2\/categories?post=12493"},{"taxonomy":"post_tag","embeddable":true,"href":"https:\/\/datastorica.it\/blog\/wp-json\/wp\/v2\/tags?post=12493"}],"curies":[{"name":"wp","href":"https:\/\/api.w.org\/{rel}","templated":true}]}}