{"id":12567,"date":"2017-08-20T13:14:37","date_gmt":"2017-08-20T11:14:37","guid":{"rendered":"http:\/\/datastorica.agenziacalendario.com\/?p=12567"},"modified":"2017-08-19T17:15:41","modified_gmt":"2017-08-19T15:15:41","slug":"dieci-anni-fa-hugo-chavez-cambia-fuso-orario","status":"publish","type":"post","link":"https:\/\/datastorica.it\/blog\/2017\/08\/20\/dieci-anni-fa-hugo-chavez-cambia-fuso-orario\/","title":{"rendered":"Dieci anni fa Hugo Chavez cambia fuso orario"},"content":{"rendered":"<p>Il 20 agosto 2007 il presidente venezuelano Hugo Chavez decide di spostare le lancette dell&#8217;orologio di mezz&#8217;ora in avanti a partire dal primo gennaio 2008, recuperando cos\u00ec 30 minuti di scarto rispetto al meridiano di Greenwich, attualmente spostato di quattro ore. In pratica, la giornata venezuelana diverr\u00e0 pi\u00f9 lunga, permettendo alla &#8216;Nuova rivoluzione bolivariana&#8217; avviata nove anni prima, di avere pi\u00f9 tempo utile a disposizione per progredire.<\/p>\n","protected":false},"excerpt":{"rendered":"<p>Il 20 agosto 2007 il presidente venezuelano Hugo Chavez decide di spostare le lancette dell&#8217;orologio di mezz&#8217;ora in avanti a partire dal primo gennaio 2008, recuperando cos\u00ec 30 minuti di scarto rispetto al meridiano di Greenwich, attualmente spostato di quattro ore. In pratica, la giornata venezuelana diverr\u00e0 pi\u00f9 lunga, permettendo alla &#8216;Nuova rivoluzione bolivariana&#8217; avviata [&hellip;]<\/p>\n","protected":false},"author":1,"featured_media":0,"comment_status":"open","ping_status":"open","sticky":false,"template":"","format":"standard","meta":{"footnotes":""},"categories":[],"tags":[],"class_list":["post-12567","post","type-post","status-publish","format-standard","hentry"],"_links":{"self":[{"href":"https:\/\/datastorica.it\/blog\/wp-json\/wp\/v2\/posts\/12567","targetHints":{"allow":["GET"]}}],"collection":[{"href":"https:\/\/datastorica.it\/blog\/wp-json\/wp\/v2\/posts"}],"about":[{"href":"https:\/\/datastorica.it\/blog\/wp-json\/wp\/v2\/types\/post"}],"author":[{"embeddable":true,"href":"https:\/\/datastorica.it\/blog\/wp-json\/wp\/v2\/users\/1"}],"replies":[{"embeddable":true,"href":"https:\/\/datastorica.it\/blog\/wp-json\/wp\/v2\/comments?post=12567"}],"version-history":[{"count":1,"href":"https:\/\/datastorica.it\/blog\/wp-json\/wp\/v2\/posts\/12567\/revisions"}],"predecessor-version":[{"id":12568,"href":"https:\/\/datastorica.it\/blog\/wp-json\/wp\/v2\/posts\/12567\/revisions\/12568"}],"wp:attachment":[{"href":"https:\/\/datastorica.it\/blog\/wp-json\/wp\/v2\/media?parent=12567"}],"wp:term":[{"taxonomy":"category","embeddable":true,"href":"https:\/\/datastorica.it\/blog\/wp-json\/wp\/v2\/categories?post=12567"},{"taxonomy":"post_tag","embeddable":true,"href":"https:\/\/datastorica.it\/blog\/wp-json\/wp\/v2\/tags?post=12567"}],"curies":[{"name":"wp","href":"https:\/\/api.w.org\/{rel}","templated":true}]}}