{"id":12577,"date":"2017-08-22T12:20:56","date_gmt":"2017-08-22T10:20:56","guid":{"rendered":"http:\/\/datastorica.agenziacalendario.com\/?p=12577"},"modified":"2017-08-21T22:23:03","modified_gmt":"2017-08-21T20:23:03","slug":"70-anni-fa-nasce-massimo-barra-presidente-della-croce-rossa-italiana-per-4-anni","status":"publish","type":"post","link":"https:\/\/datastorica.it\/blog\/2017\/08\/22\/70-anni-fa-nasce-massimo-barra-presidente-della-croce-rossa-italiana-per-4-anni\/","title":{"rendered":"70 anni fa nasce Massimo Barra, presidente della Croce rossa italiana per 4 anni"},"content":{"rendered":"<p>Il 22 agosto 1947 nasce a Roma Massimo Barra, dal 2005 presidente della Croce rossa italiana resta in carica sino al 30 ottobre 2008. Barra \u00e8 uno dei primi medici in Italia a prendersi cura dei tossicomani fin dal 1974 al Centro delle malattie sociali del Comune di Roma e poi fondando nel 1976 Villa Maraini. Volontario della Croce Rossa dall&#8217;et\u00e0 di 8 anni, Barra \u00e8 per 8 anni Presidente Nazionale dei Pionieri della Cri e per 21 anni Ispettore Nazionale. Nel 1993 e 1994 Barra \u00e8 anche Assessore alle Politiche della Solidariet\u00e0 della Provincia di Roma.<\/p>\n","protected":false},"excerpt":{"rendered":"<p>Il 22 agosto 1947 nasce a Roma Massimo Barra, dal 2005 presidente della Croce rossa italiana resta in carica sino al 30 ottobre 2008. Barra \u00e8 uno dei primi medici in Italia a prendersi cura dei tossicomani fin dal 1974 al Centro delle malattie sociali del Comune di Roma e poi fondando nel 1976 Villa [&hellip;]<\/p>\n","protected":false},"author":1,"featured_media":0,"comment_status":"open","ping_status":"open","sticky":false,"template":"","format":"standard","meta":{"footnotes":""},"categories":[],"tags":[],"class_list":["post-12577","post","type-post","status-publish","format-standard","hentry"],"_links":{"self":[{"href":"https:\/\/datastorica.it\/blog\/wp-json\/wp\/v2\/posts\/12577","targetHints":{"allow":["GET"]}}],"collection":[{"href":"https:\/\/datastorica.it\/blog\/wp-json\/wp\/v2\/posts"}],"about":[{"href":"https:\/\/datastorica.it\/blog\/wp-json\/wp\/v2\/types\/post"}],"author":[{"embeddable":true,"href":"https:\/\/datastorica.it\/blog\/wp-json\/wp\/v2\/users\/1"}],"replies":[{"embeddable":true,"href":"https:\/\/datastorica.it\/blog\/wp-json\/wp\/v2\/comments?post=12577"}],"version-history":[{"count":1,"href":"https:\/\/datastorica.it\/blog\/wp-json\/wp\/v2\/posts\/12577\/revisions"}],"predecessor-version":[{"id":12578,"href":"https:\/\/datastorica.it\/blog\/wp-json\/wp\/v2\/posts\/12577\/revisions\/12578"}],"wp:attachment":[{"href":"https:\/\/datastorica.it\/blog\/wp-json\/wp\/v2\/media?parent=12577"}],"wp:term":[{"taxonomy":"category","embeddable":true,"href":"https:\/\/datastorica.it\/blog\/wp-json\/wp\/v2\/categories?post=12577"},{"taxonomy":"post_tag","embeddable":true,"href":"https:\/\/datastorica.it\/blog\/wp-json\/wp\/v2\/tags?post=12577"}],"curies":[{"name":"wp","href":"https:\/\/api.w.org\/{rel}","templated":true}]}}