{"id":12751,"date":"2017-09-06T11:15:51","date_gmt":"2017-09-06T09:15:51","guid":{"rendered":"http:\/\/datastorica.agenziacalendario.com\/?p=12751"},"modified":"2017-09-05T21:32:03","modified_gmt":"2017-09-05T19:32:03","slug":"60-anni-fa-muore-lo-storico-e-antifascista-gaetano-salvemini","status":"publish","type":"post","link":"https:\/\/datastorica.it\/blog\/2017\/09\/06\/60-anni-fa-muore-lo-storico-e-antifascista-gaetano-salvemini\/","title":{"rendered":"60 anni fa muore lo storico e antifascista Gaetano Salvemini"},"content":{"rendered":"<p>Il 6 settembre 1957 muore a Sorrento (Napoli) lo storico e antifascista Gaetano Salvemini. Salvemini nasce l&#8217;8 novembre 1873 a Molfetta (Bari), studia a Firenze con Pasquale Villari e pubblica importanti lavori di storia medievale: &#8220;La dignit\u00e0 cavalleresca nel Comune di Firenze&#8221; (1896) e &#8220;Magnati e popolani in Firenze dal 1280 al 1295&#8221; (1899). Collabora ai giornali socialisti &#8220;Critica sociale&#8221; e &#8220;Avanti!&#8221;, parlando della questione meridionale. Nel &#8220;Ministro della malavita&#8221; (1909) polemizza con i sistemi clientelari e autoritari di Giovanni Giolitti e la corruzione parlamentare. Nel 1911 si stacca dal socialismo e fonda il settimanale &#8220;L&#8217;Unit\u00e0 &#8220;, su posizioni interventiste. Deputato (1919-21) nelle liste dei combattenti, \u00e8 favorevole a una pace che riconosca i diritti delle nazionalit\u00e0 e contrario all&#8217;annessione della Dalmazia all&#8217;Italia. Antifascista, nel 1925 pubblica coi fratelli Carlo e Nello Rosselli la rivista antifascista clandestina &#8220;Non mollare&#8221;. Arrestato e poi messo in libert\u00e0 provvisoria, si rifugia in Francia e contribuisce a fondare il movimento di Giustizia e Libert\u00e0 . Nel 1934 si trasferisce negli Usa e insegna a Harvard. In quegli anni scrive alcune opere sulla politica estera italiana: &#8220;Dal patto di Londra alla pace di Roma&#8221; (1925); &#8220;Mussolini diplomatico&#8221; (1932); &#8220;La politica estera dell&#8217;Italia dal 1870 al 1915&#8221; (1944). Nel 1949 torna all&#8217;universit\u00e0 di Firenze. La sua vita \u00e8 segnata da un orribile tragedia: la sua famiglia (moglie, cinque figli e una sorella) perisce nel terremoto di Messina del 28 dicembre 1908.<\/p>\n","protected":false},"excerpt":{"rendered":"<p>Il 6 settembre 1957 muore a Sorrento (Napoli) lo storico e antifascista Gaetano Salvemini. Salvemini nasce l&#8217;8 novembre 1873 a Molfetta (Bari), studia a Firenze con Pasquale Villari e pubblica importanti lavori di storia medievale: &#8220;La dignit\u00e0 cavalleresca nel Comune di Firenze&#8221; (1896) e &#8220;Magnati e popolani in Firenze dal 1280 al 1295&#8221; (1899). Collabora [&hellip;]<\/p>\n","protected":false},"author":1,"featured_media":0,"comment_status":"open","ping_status":"open","sticky":false,"template":"","format":"standard","meta":{"footnotes":""},"categories":[],"tags":[],"class_list":["post-12751","post","type-post","status-publish","format-standard","hentry"],"_links":{"self":[{"href":"https:\/\/datastorica.it\/blog\/wp-json\/wp\/v2\/posts\/12751","targetHints":{"allow":["GET"]}}],"collection":[{"href":"https:\/\/datastorica.it\/blog\/wp-json\/wp\/v2\/posts"}],"about":[{"href":"https:\/\/datastorica.it\/blog\/wp-json\/wp\/v2\/types\/post"}],"author":[{"embeddable":true,"href":"https:\/\/datastorica.it\/blog\/wp-json\/wp\/v2\/users\/1"}],"replies":[{"embeddable":true,"href":"https:\/\/datastorica.it\/blog\/wp-json\/wp\/v2\/comments?post=12751"}],"version-history":[{"count":1,"href":"https:\/\/datastorica.it\/blog\/wp-json\/wp\/v2\/posts\/12751\/revisions"}],"predecessor-version":[{"id":12752,"href":"https:\/\/datastorica.it\/blog\/wp-json\/wp\/v2\/posts\/12751\/revisions\/12752"}],"wp:attachment":[{"href":"https:\/\/datastorica.it\/blog\/wp-json\/wp\/v2\/media?parent=12751"}],"wp:term":[{"taxonomy":"category","embeddable":true,"href":"https:\/\/datastorica.it\/blog\/wp-json\/wp\/v2\/categories?post=12751"},{"taxonomy":"post_tag","embeddable":true,"href":"https:\/\/datastorica.it\/blog\/wp-json\/wp\/v2\/tags?post=12751"}],"curies":[{"name":"wp","href":"https:\/\/api.w.org\/{rel}","templated":true}]}}