{"id":12757,"date":"2017-09-06T13:35:23","date_gmt":"2017-09-06T11:35:23","guid":{"rendered":"http:\/\/datastorica.agenziacalendario.com\/?p=12757"},"modified":"2017-09-05T21:36:37","modified_gmt":"2017-09-05T19:36:37","slug":"30-anni-fa-traffico-darmi-arrestato-il-conte-borletti-con-i-vertici-della-valsella","status":"publish","type":"post","link":"https:\/\/datastorica.it\/blog\/2017\/09\/06\/30-anni-fa-traffico-darmi-arrestato-il-conte-borletti-con-i-vertici-della-valsella\/","title":{"rendered":"30 anni fa, Traffico d&#8217;armi: arrestato il conte Borletti con i vertici della Valsella"},"content":{"rendered":"<p>Il 6 settembre 1987 nell\u2019ambito dell\u2019inchiesta sulla vendita clandestina di mine all\u2019Iran, sono arrestate a Brescia 45 persone sotto l&#8217;accusa di traffico illecito di armi. Fra queste, Ferdinando Borletti, consigliere di amministrazione della Snia e della Fiat, nonch\u00e9 dell\u2019azienda di famiglia, la Valsella meccanotecnica, controllata al 50% dalla Fiat, suo figlio e l&#8217;intera dirigenza. Il processo si far\u00e0 nei primi mesi del 1991 ma i nove imputati (nel frattempo il conte Borletti \u00e8 deceduto) &#8220;patteggeranno&#8221; per vedersi condannati a pene tra un anno e sei mesi e un anno e dieci mesi; poi la Cassazione derubricher\u00e0 il reato: non pi\u00f9 esportazione illegale di armi, ma infrazioni valutarie. Il tribunale comunque accerter\u00e0 che, tra 1982 e 1986, la Valsella vende all&#8217;Irak nove milioni di mine anti-uomo, per un valore di 250 milioni di dollari, servendosi di una &#8220;triangolazione&#8221; con una ditta di Singapore e confezionando le mine nella sua filiale sempre di Singapore.<\/p>\n","protected":false},"excerpt":{"rendered":"<p>Il 6 settembre 1987 nell\u2019ambito dell\u2019inchiesta sulla vendita clandestina di mine all\u2019Iran, sono arrestate a Brescia 45 persone sotto l&#8217;accusa di traffico illecito di armi. Fra queste, Ferdinando Borletti, consigliere di amministrazione della Snia e della Fiat, nonch\u00e9 dell\u2019azienda di famiglia, la Valsella meccanotecnica, controllata al 50% dalla Fiat, suo figlio e l&#8217;intera dirigenza. Il [&hellip;]<\/p>\n","protected":false},"author":1,"featured_media":0,"comment_status":"open","ping_status":"open","sticky":false,"template":"","format":"standard","meta":{"footnotes":""},"categories":[],"tags":[],"class_list":["post-12757","post","type-post","status-publish","format-standard","hentry"],"_links":{"self":[{"href":"https:\/\/datastorica.it\/blog\/wp-json\/wp\/v2\/posts\/12757","targetHints":{"allow":["GET"]}}],"collection":[{"href":"https:\/\/datastorica.it\/blog\/wp-json\/wp\/v2\/posts"}],"about":[{"href":"https:\/\/datastorica.it\/blog\/wp-json\/wp\/v2\/types\/post"}],"author":[{"embeddable":true,"href":"https:\/\/datastorica.it\/blog\/wp-json\/wp\/v2\/users\/1"}],"replies":[{"embeddable":true,"href":"https:\/\/datastorica.it\/blog\/wp-json\/wp\/v2\/comments?post=12757"}],"version-history":[{"count":1,"href":"https:\/\/datastorica.it\/blog\/wp-json\/wp\/v2\/posts\/12757\/revisions"}],"predecessor-version":[{"id":12758,"href":"https:\/\/datastorica.it\/blog\/wp-json\/wp\/v2\/posts\/12757\/revisions\/12758"}],"wp:attachment":[{"href":"https:\/\/datastorica.it\/blog\/wp-json\/wp\/v2\/media?parent=12757"}],"wp:term":[{"taxonomy":"category","embeddable":true,"href":"https:\/\/datastorica.it\/blog\/wp-json\/wp\/v2\/categories?post=12757"},{"taxonomy":"post_tag","embeddable":true,"href":"https:\/\/datastorica.it\/blog\/wp-json\/wp\/v2\/tags?post=12757"}],"curies":[{"name":"wp","href":"https:\/\/api.w.org\/{rel}","templated":true}]}}