{"id":12808,"date":"2017-09-08T15:53:31","date_gmt":"2017-09-08T13:53:31","guid":{"rendered":"http:\/\/datastorica.agenziacalendario.com\/?p=12808"},"modified":"2017-09-08T10:54:41","modified_gmt":"2017-09-08T08:54:41","slug":"40-anni-fa-in-iran-violente-dimostrazioni-contro-lo-scia","status":"publish","type":"post","link":"https:\/\/datastorica.it\/blog\/2017\/09\/08\/40-anni-fa-in-iran-violente-dimostrazioni-contro-lo-scia\/","title":{"rendered":"40 anni fa in Iran violente dimostrazioni contro lo Sci\u00e0"},"content":{"rendered":"<p>L&#8217;8 settembre 1977 in Iran iniziano violente dimostrazioni del movimento sciita -, ancor pi\u00f9 fomentato dalla costrizione all&#8217;esilio a Parigi (Francia) dell&#8217;ayatollah Khomeini &#8211; contro il regime dello sci\u00e0 Reza Pahlawi, accusato di essere troppo a favore dell&#8217;Occidente. N\u00e9 il governo, n\u00e9 le forze militari costituite dallo Sci\u00e0 riescono a frenare la protesta popolare.<\/p>\n","protected":false},"excerpt":{"rendered":"<p>L&#8217;8 settembre 1977 in Iran iniziano violente dimostrazioni del movimento sciita -, ancor pi\u00f9 fomentato dalla costrizione all&#8217;esilio a Parigi (Francia) dell&#8217;ayatollah Khomeini &#8211; contro il regime dello sci\u00e0 Reza Pahlawi, accusato di essere troppo a favore dell&#8217;Occidente. N\u00e9 il governo, n\u00e9 le forze militari costituite dallo Sci\u00e0 riescono a frenare la protesta popolare.<\/p>\n","protected":false},"author":1,"featured_media":0,"comment_status":"open","ping_status":"open","sticky":false,"template":"","format":"standard","meta":{"footnotes":""},"categories":[],"tags":[],"class_list":["post-12808","post","type-post","status-publish","format-standard","hentry"],"_links":{"self":[{"href":"https:\/\/datastorica.it\/blog\/wp-json\/wp\/v2\/posts\/12808","targetHints":{"allow":["GET"]}}],"collection":[{"href":"https:\/\/datastorica.it\/blog\/wp-json\/wp\/v2\/posts"}],"about":[{"href":"https:\/\/datastorica.it\/blog\/wp-json\/wp\/v2\/types\/post"}],"author":[{"embeddable":true,"href":"https:\/\/datastorica.it\/blog\/wp-json\/wp\/v2\/users\/1"}],"replies":[{"embeddable":true,"href":"https:\/\/datastorica.it\/blog\/wp-json\/wp\/v2\/comments?post=12808"}],"version-history":[{"count":1,"href":"https:\/\/datastorica.it\/blog\/wp-json\/wp\/v2\/posts\/12808\/revisions"}],"predecessor-version":[{"id":12809,"href":"https:\/\/datastorica.it\/blog\/wp-json\/wp\/v2\/posts\/12808\/revisions\/12809"}],"wp:attachment":[{"href":"https:\/\/datastorica.it\/blog\/wp-json\/wp\/v2\/media?parent=12808"}],"wp:term":[{"taxonomy":"category","embeddable":true,"href":"https:\/\/datastorica.it\/blog\/wp-json\/wp\/v2\/categories?post=12808"},{"taxonomy":"post_tag","embeddable":true,"href":"https:\/\/datastorica.it\/blog\/wp-json\/wp\/v2\/tags?post=12808"}],"curies":[{"name":"wp","href":"https:\/\/api.w.org\/{rel}","templated":true}]}}