{"id":12888,"date":"2017-09-12T14:42:06","date_gmt":"2017-09-12T12:42:06","guid":{"rendered":"http:\/\/datastorica.agenziacalendario.com\/?p=12888"},"modified":"2017-09-11T22:43:15","modified_gmt":"2017-09-11T20:43:15","slug":"30-anni-fa-giorgio-la-malfa-segretario-nazionale-del-pri","status":"publish","type":"post","link":"https:\/\/datastorica.it\/blog\/2017\/09\/12\/30-anni-fa-giorgio-la-malfa-segretario-nazionale-del-pri\/","title":{"rendered":"30 anni fa Giorgio La Malfa segretario nazionale del Pri"},"content":{"rendered":"<p>Il 12 settembre 1987 a Roma Giorgio La Malfa subentra a Giovanni Spadolini nella carica di segretario nazionale del Partito repubblicano, rester\u00e0 alla guida del partito fino al 1993. La Malfa nasce il 13 ottobre 1939 a Milano, figlio del pi\u00f9 celebre Ugo, leader storico del Pri (Partito repubblicano italiano), Giorgio \u00e8 professore di politica economica all&#8217;Universit\u00e0 di Catania, e \u00e8 eletto deputato per la prima volta nel 1972. Nel 1995 sar\u00e0 rieletto alla guida del Pri. Nelle elezioni politiche del 1996 si presenta con il suo partito insieme alla coalizione di centro-sinistra dell&#8217;Ulivo, in quelle del 2001 insieme al centrodestra, e, dopo l&#8217;affermazione del Polo delle libert\u00e0, \u00e8 nominato presidente della Commissione Finanze della Camera. Alle europee del 2004 si presenta con il Partito della Bellezza.<\/p>\n","protected":false},"excerpt":{"rendered":"<p>Il 12 settembre 1987 a Roma Giorgio La Malfa subentra a Giovanni Spadolini nella carica di segretario nazionale del Partito repubblicano, rester\u00e0 alla guida del partito fino al 1993. La Malfa nasce il 13 ottobre 1939 a Milano, figlio del pi\u00f9 celebre Ugo, leader storico del Pri (Partito repubblicano italiano), Giorgio \u00e8 professore di politica [&hellip;]<\/p>\n","protected":false},"author":1,"featured_media":0,"comment_status":"open","ping_status":"open","sticky":false,"template":"","format":"standard","meta":{"footnotes":""},"categories":[],"tags":[],"class_list":["post-12888","post","type-post","status-publish","format-standard","hentry"],"_links":{"self":[{"href":"https:\/\/datastorica.it\/blog\/wp-json\/wp\/v2\/posts\/12888","targetHints":{"allow":["GET"]}}],"collection":[{"href":"https:\/\/datastorica.it\/blog\/wp-json\/wp\/v2\/posts"}],"about":[{"href":"https:\/\/datastorica.it\/blog\/wp-json\/wp\/v2\/types\/post"}],"author":[{"embeddable":true,"href":"https:\/\/datastorica.it\/blog\/wp-json\/wp\/v2\/users\/1"}],"replies":[{"embeddable":true,"href":"https:\/\/datastorica.it\/blog\/wp-json\/wp\/v2\/comments?post=12888"}],"version-history":[{"count":1,"href":"https:\/\/datastorica.it\/blog\/wp-json\/wp\/v2\/posts\/12888\/revisions"}],"predecessor-version":[{"id":12889,"href":"https:\/\/datastorica.it\/blog\/wp-json\/wp\/v2\/posts\/12888\/revisions\/12889"}],"wp:attachment":[{"href":"https:\/\/datastorica.it\/blog\/wp-json\/wp\/v2\/media?parent=12888"}],"wp:term":[{"taxonomy":"category","embeddable":true,"href":"https:\/\/datastorica.it\/blog\/wp-json\/wp\/v2\/categories?post=12888"},{"taxonomy":"post_tag","embeddable":true,"href":"https:\/\/datastorica.it\/blog\/wp-json\/wp\/v2\/tags?post=12888"}],"curies":[{"name":"wp","href":"https:\/\/api.w.org\/{rel}","templated":true}]}}