{"id":12900,"date":"2017-09-13T10:09:01","date_gmt":"2017-09-13T08:09:01","guid":{"rendered":"http:\/\/datastorica.agenziacalendario.com\/?p=12900"},"modified":"2017-09-12T22:10:08","modified_gmt":"2017-09-12T20:10:08","slug":"70-anni-fa-nasce-piero-bernocchi-portavoce-dei-cobas-scuola","status":"publish","type":"post","link":"https:\/\/datastorica.it\/blog\/2017\/09\/13\/70-anni-fa-nasce-piero-bernocchi-portavoce-dei-cobas-scuola\/","title":{"rendered":"70 anni fa nasce Piero Bernocchi, portavoce dei Cobas scuola"},"content":{"rendered":"<p>Il 13 settembre 1947 nasce a Foligno (Perugia) Piero Bernocchi, probabilmente il rappresentante pi\u00f9 significativo del sindacalismo di base in Italia, tra i fondatori dei Cobas scuola a met\u00e0 degli anni 80. Tutt&#8217;oggi portavoce dei Cobas scuola, \u00e8 uno dei membri pi\u00f9 rappresentativi e riconosciuti della Confederazione dei Comitati di base e uno dei pi\u00f9 autorevoli rappresentanti del Social Forum europeo e mondiale. E&#8217; direttore di Radio Citt\u00e0 Futura tra il 1979 e il 1985.<\/p>\n","protected":false},"excerpt":{"rendered":"<p>Il 13 settembre 1947 nasce a Foligno (Perugia) Piero Bernocchi, probabilmente il rappresentante pi\u00f9 significativo del sindacalismo di base in Italia, tra i fondatori dei Cobas scuola a met\u00e0 degli anni 80. Tutt&#8217;oggi portavoce dei Cobas scuola, \u00e8 uno dei membri pi\u00f9 rappresentativi e riconosciuti della Confederazione dei Comitati di base e uno dei pi\u00f9 [&hellip;]<\/p>\n","protected":false},"author":1,"featured_media":0,"comment_status":"open","ping_status":"open","sticky":false,"template":"","format":"standard","meta":{"footnotes":""},"categories":[],"tags":[],"class_list":["post-12900","post","type-post","status-publish","format-standard","hentry"],"_links":{"self":[{"href":"https:\/\/datastorica.it\/blog\/wp-json\/wp\/v2\/posts\/12900","targetHints":{"allow":["GET"]}}],"collection":[{"href":"https:\/\/datastorica.it\/blog\/wp-json\/wp\/v2\/posts"}],"about":[{"href":"https:\/\/datastorica.it\/blog\/wp-json\/wp\/v2\/types\/post"}],"author":[{"embeddable":true,"href":"https:\/\/datastorica.it\/blog\/wp-json\/wp\/v2\/users\/1"}],"replies":[{"embeddable":true,"href":"https:\/\/datastorica.it\/blog\/wp-json\/wp\/v2\/comments?post=12900"}],"version-history":[{"count":1,"href":"https:\/\/datastorica.it\/blog\/wp-json\/wp\/v2\/posts\/12900\/revisions"}],"predecessor-version":[{"id":12901,"href":"https:\/\/datastorica.it\/blog\/wp-json\/wp\/v2\/posts\/12900\/revisions\/12901"}],"wp:attachment":[{"href":"https:\/\/datastorica.it\/blog\/wp-json\/wp\/v2\/media?parent=12900"}],"wp:term":[{"taxonomy":"category","embeddable":true,"href":"https:\/\/datastorica.it\/blog\/wp-json\/wp\/v2\/categories?post=12900"},{"taxonomy":"post_tag","embeddable":true,"href":"https:\/\/datastorica.it\/blog\/wp-json\/wp\/v2\/tags?post=12900"}],"curies":[{"name":"wp","href":"https:\/\/api.w.org\/{rel}","templated":true}]}}