{"id":12940,"date":"2017-09-15T12:57:11","date_gmt":"2017-09-15T10:57:11","guid":{"rendered":"http:\/\/datastorica.agenziacalendario.com\/?p=12940"},"modified":"2017-09-15T12:57:11","modified_gmt":"2017-09-15T10:57:11","slug":"150-anni-fa-re-vittorio-emanuele-ii-inaugura-la-galleria-a-lui-dedicata","status":"publish","type":"post","link":"https:\/\/datastorica.it\/blog\/2017\/09\/15\/150-anni-fa-re-vittorio-emanuele-ii-inaugura-la-galleria-a-lui-dedicata\/","title":{"rendered":"150 anni fa Re Vittorio Emanuele II inaugura la Galleria a lui dedicata"},"content":{"rendered":"<p>Il 15 settembre 1867 a Milano Re Vittorio Emanuele II inaugura la celebre Galleria Vittorio Emanuele II, uno dei primi edifici in Europa costruiti in vetro e ferro. Denominata &#8220;il salotto di Milano&#8221;, perch\u00e9 \u00e8 il punto d&#8217;incontro tradizionale dei milanesi, la Galleria offre una vasta gamma di caff\u00e9, ristoranti come lo storico &#8220;Savini&#8221;, cos\u00ec come boutique di moda e alcune delle librerie pi\u00f9 importanti della citt\u00e0. Costruita sulla pianta di una croce latina con un centro ottagonale &#8211; il famoso &#8220;Ottagono&#8221; considerato da ogni milanese come il cuore della citt\u00e0 &#8211; \u00e8 dominata da una cupola centrale che si espande in quattro rami, uno dei quali si affaccia su piazza Duomo.<\/p>\n","protected":false},"excerpt":{"rendered":"<p>Il 15 settembre 1867 a Milano Re Vittorio Emanuele II inaugura la celebre Galleria Vittorio Emanuele II, uno dei primi edifici in Europa costruiti in vetro e ferro. Denominata &#8220;il salotto di Milano&#8221;, perch\u00e9 \u00e8 il punto d&#8217;incontro tradizionale dei milanesi, la Galleria offre una vasta gamma di caff\u00e9, ristoranti come lo storico &#8220;Savini&#8221;, cos\u00ec [&hellip;]<\/p>\n","protected":false},"author":1,"featured_media":0,"comment_status":"open","ping_status":"open","sticky":false,"template":"","format":"standard","meta":{"footnotes":""},"categories":[],"tags":[],"class_list":["post-12940","post","type-post","status-publish","format-standard","hentry"],"_links":{"self":[{"href":"https:\/\/datastorica.it\/blog\/wp-json\/wp\/v2\/posts\/12940","targetHints":{"allow":["GET"]}}],"collection":[{"href":"https:\/\/datastorica.it\/blog\/wp-json\/wp\/v2\/posts"}],"about":[{"href":"https:\/\/datastorica.it\/blog\/wp-json\/wp\/v2\/types\/post"}],"author":[{"embeddable":true,"href":"https:\/\/datastorica.it\/blog\/wp-json\/wp\/v2\/users\/1"}],"replies":[{"embeddable":true,"href":"https:\/\/datastorica.it\/blog\/wp-json\/wp\/v2\/comments?post=12940"}],"version-history":[{"count":1,"href":"https:\/\/datastorica.it\/blog\/wp-json\/wp\/v2\/posts\/12940\/revisions"}],"predecessor-version":[{"id":12941,"href":"https:\/\/datastorica.it\/blog\/wp-json\/wp\/v2\/posts\/12940\/revisions\/12941"}],"wp:attachment":[{"href":"https:\/\/datastorica.it\/blog\/wp-json\/wp\/v2\/media?parent=12940"}],"wp:term":[{"taxonomy":"category","embeddable":true,"href":"https:\/\/datastorica.it\/blog\/wp-json\/wp\/v2\/categories?post=12940"},{"taxonomy":"post_tag","embeddable":true,"href":"https:\/\/datastorica.it\/blog\/wp-json\/wp\/v2\/tags?post=12940"}],"curies":[{"name":"wp","href":"https:\/\/api.w.org\/{rel}","templated":true}]}}