{"id":12963,"date":"2017-09-16T10:15:59","date_gmt":"2017-09-16T08:15:59","guid":{"rendered":"http:\/\/datastorica.agenziacalendario.com\/?p=12963"},"modified":"2017-09-15T15:50:30","modified_gmt":"2017-09-15T13:50:30","slug":"70-anni-fa-2-guerra-mondiale-briga-e-tenda-passano-alla-francia","status":"publish","type":"post","link":"https:\/\/datastorica.it\/blog\/2017\/09\/16\/70-anni-fa-2-guerra-mondiale-briga-e-tenda-passano-alla-francia\/","title":{"rendered":"70 anni fa, 2^ guerra mondiale: Briga e Tenda passano alla Francia"},"content":{"rendered":"<p>Il 16 settembre 1947 in seguito al trattato di pace del 10 febbraio 1947 di Parigi (Francia) della 2^ guerra mondiale i Comuni di Briga Marittima e di Tenda passano sotto la sovranit\u00e0 della Francia. Un plebiscito confermer\u00e0, successivamente, che questa \u00e8 l\u2019aspirazione della popolazione: 2.603 saranno, infatti, i votanti francofili contro soli 218 contrari. Molti per\u00f2 i dubbi sulla regolarit\u00e0 del voto, infatti diverse centinaia di persone nel periodo seguente si trasferiscono in Italia.<\/p>\n","protected":false},"excerpt":{"rendered":"<p>Il 16 settembre 1947 in seguito al trattato di pace del 10 febbraio 1947 di Parigi (Francia) della 2^ guerra mondiale i Comuni di Briga Marittima e di Tenda passano sotto la sovranit\u00e0 della Francia. Un plebiscito confermer\u00e0, successivamente, che questa \u00e8 l\u2019aspirazione della popolazione: 2.603 saranno, infatti, i votanti francofili contro soli 218 contrari. [&hellip;]<\/p>\n","protected":false},"author":1,"featured_media":0,"comment_status":"open","ping_status":"open","sticky":false,"template":"","format":"standard","meta":{"footnotes":""},"categories":[],"tags":[],"class_list":["post-12963","post","type-post","status-publish","format-standard","hentry"],"_links":{"self":[{"href":"https:\/\/datastorica.it\/blog\/wp-json\/wp\/v2\/posts\/12963","targetHints":{"allow":["GET"]}}],"collection":[{"href":"https:\/\/datastorica.it\/blog\/wp-json\/wp\/v2\/posts"}],"about":[{"href":"https:\/\/datastorica.it\/blog\/wp-json\/wp\/v2\/types\/post"}],"author":[{"embeddable":true,"href":"https:\/\/datastorica.it\/blog\/wp-json\/wp\/v2\/users\/1"}],"replies":[{"embeddable":true,"href":"https:\/\/datastorica.it\/blog\/wp-json\/wp\/v2\/comments?post=12963"}],"version-history":[{"count":1,"href":"https:\/\/datastorica.it\/blog\/wp-json\/wp\/v2\/posts\/12963\/revisions"}],"predecessor-version":[{"id":12964,"href":"https:\/\/datastorica.it\/blog\/wp-json\/wp\/v2\/posts\/12963\/revisions\/12964"}],"wp:attachment":[{"href":"https:\/\/datastorica.it\/blog\/wp-json\/wp\/v2\/media?parent=12963"}],"wp:term":[{"taxonomy":"category","embeddable":true,"href":"https:\/\/datastorica.it\/blog\/wp-json\/wp\/v2\/categories?post=12963"},{"taxonomy":"post_tag","embeddable":true,"href":"https:\/\/datastorica.it\/blog\/wp-json\/wp\/v2\/tags?post=12963"}],"curies":[{"name":"wp","href":"https:\/\/api.w.org\/{rel}","templated":true}]}}