{"id":12979,"date":"2017-09-20T09:00:22","date_gmt":"2017-09-20T07:00:22","guid":{"rendered":"http:\/\/datastorica.agenziacalendario.com\/?p=12979"},"modified":"2017-09-19T20:44:52","modified_gmt":"2017-09-19T18:44:52","slug":"130-anni-fa-prima-corsa-della-funicolare-di-bergamo-alta","status":"publish","type":"post","link":"https:\/\/datastorica.it\/blog\/2017\/09\/20\/130-anni-fa-prima-corsa-della-funicolare-di-bergamo-alta\/","title":{"rendered":"130 anni fa prima corsa della funicolare di Bergamo alta"},"content":{"rendered":"<p>Il 20 settembre 1887 a Bergamo prima corsa della funicolare di Bergamo alta: si verifica subito un intoppo, una ruota si blocca e le numerose persone salite a Citt\u00e0 Alta devono ridiscendere a piedi. Poi tutto funzioner\u00e0 regolarmente. Il servizio \u00e8 assunto dallo stesso progettista e costruttore, l&#8217;ingegner Alessandro Ferretti, assieme a quello del tram a cavalli attraverso la citt\u00e0. L&#8217;impianto sar\u00e0 totalmente rinnovato tra il 1920 e il 1921. L&#8217;ultima trasformazione, affidata alla Ceretti Tanfani di Milano, avviene nel 1987, ad un secolo dalla prima corsa.<\/p>\n","protected":false},"excerpt":{"rendered":"<p>Il 20 settembre 1887 a Bergamo prima corsa della funicolare di Bergamo alta: si verifica subito un intoppo, una ruota si blocca e le numerose persone salite a Citt\u00e0 Alta devono ridiscendere a piedi. Poi tutto funzioner\u00e0 regolarmente. Il servizio \u00e8 assunto dallo stesso progettista e costruttore, l&#8217;ingegner Alessandro Ferretti, assieme a quello del tram [&hellip;]<\/p>\n","protected":false},"author":1,"featured_media":0,"comment_status":"open","ping_status":"open","sticky":false,"template":"","format":"standard","meta":{"footnotes":""},"categories":[],"tags":[],"class_list":["post-12979","post","type-post","status-publish","format-standard","hentry"],"_links":{"self":[{"href":"https:\/\/datastorica.it\/blog\/wp-json\/wp\/v2\/posts\/12979","targetHints":{"allow":["GET"]}}],"collection":[{"href":"https:\/\/datastorica.it\/blog\/wp-json\/wp\/v2\/posts"}],"about":[{"href":"https:\/\/datastorica.it\/blog\/wp-json\/wp\/v2\/types\/post"}],"author":[{"embeddable":true,"href":"https:\/\/datastorica.it\/blog\/wp-json\/wp\/v2\/users\/1"}],"replies":[{"embeddable":true,"href":"https:\/\/datastorica.it\/blog\/wp-json\/wp\/v2\/comments?post=12979"}],"version-history":[{"count":1,"href":"https:\/\/datastorica.it\/blog\/wp-json\/wp\/v2\/posts\/12979\/revisions"}],"predecessor-version":[{"id":12980,"href":"https:\/\/datastorica.it\/blog\/wp-json\/wp\/v2\/posts\/12979\/revisions\/12980"}],"wp:attachment":[{"href":"https:\/\/datastorica.it\/blog\/wp-json\/wp\/v2\/media?parent=12979"}],"wp:term":[{"taxonomy":"category","embeddable":true,"href":"https:\/\/datastorica.it\/blog\/wp-json\/wp\/v2\/categories?post=12979"},{"taxonomy":"post_tag","embeddable":true,"href":"https:\/\/datastorica.it\/blog\/wp-json\/wp\/v2\/tags?post=12979"}],"curies":[{"name":"wp","href":"https:\/\/api.w.org\/{rel}","templated":true}]}}