{"id":13027,"date":"2017-09-22T10:15:40","date_gmt":"2017-09-22T08:15:40","guid":{"rendered":"http:\/\/datastorica.agenziacalendario.com\/?p=13027"},"modified":"2017-09-22T09:51:56","modified_gmt":"2017-09-22T07:51:56","slug":"60-anni-fa-francois-duvalier-papa-doc-eletto-presidente-della-repubblica","status":"publish","type":"post","link":"https:\/\/datastorica.it\/blog\/2017\/09\/22\/60-anni-fa-francois-duvalier-papa-doc-eletto-presidente-della-repubblica\/","title":{"rendered":"60 anni fa Francois Duvalier, &#8220;Pap\u00e0 Doc&#8221;, eletto presidente della repubblica"},"content":{"rendered":"<p>Il 22 settembre 1957 a Port-au-Prince (Haiti), con il sostegno statunitense, \u00e8 eletto presidente della Repubblica Francois Duvalier: nel giro di un anno sospender\u00e0 tutte le garanzie costituzionali (nel 1964 si dichiarer\u00e0 presidente a vita) instaurando nel paese una durissima dittatura, caratterizzata da spietate repressioni operate dalle bande dei &#8220;Tontons macoutes&#8221;. Duvalier nasce il 14 aprile 1907 a Port-au-Prince, soprannominato &#8216;Papa Doc&#8217;, medico di fama, agli inizi degli anni Cinquanta guida l&#8217;opposizione al regime del colonnello Paul-Eug\u00e8ne Magloire. Con Duvalier al potere l&#8217;economia di Haiti declina repentinamente insieme con le condizioni di vita della popolazione (il tasso di analfabetismo si attesta attorno al 90%), ma &#8220;Pap\u00e0 Doc&#8221; non perde l&#8217;appoggio francese. Poco prima della morte, il il 21 aprile 1971 a Port-au-Prince, designa il figlio Jean-Claude (detto &#8216;Baby Doc&#8217;) a succedergli. Questi perpetua il regime paterno fino alla rivolta popolare che nel 1986 lo costringe a fuggire dall&#8217;isola e a riparare in esilio in Francia.<\/p>\n","protected":false},"excerpt":{"rendered":"<p>Il 22 settembre 1957 a Port-au-Prince (Haiti), con il sostegno statunitense, \u00e8 eletto presidente della Repubblica Francois Duvalier: nel giro di un anno sospender\u00e0 tutte le garanzie costituzionali (nel 1964 si dichiarer\u00e0 presidente a vita) instaurando nel paese una durissima dittatura, caratterizzata da spietate repressioni operate dalle bande dei &#8220;Tontons macoutes&#8221;. Duvalier nasce il 14 [&hellip;]<\/p>\n","protected":false},"author":1,"featured_media":0,"comment_status":"open","ping_status":"open","sticky":false,"template":"","format":"standard","meta":{"footnotes":""},"categories":[],"tags":[],"class_list":["post-13027","post","type-post","status-publish","format-standard","hentry"],"_links":{"self":[{"href":"https:\/\/datastorica.it\/blog\/wp-json\/wp\/v2\/posts\/13027","targetHints":{"allow":["GET"]}}],"collection":[{"href":"https:\/\/datastorica.it\/blog\/wp-json\/wp\/v2\/posts"}],"about":[{"href":"https:\/\/datastorica.it\/blog\/wp-json\/wp\/v2\/types\/post"}],"author":[{"embeddable":true,"href":"https:\/\/datastorica.it\/blog\/wp-json\/wp\/v2\/users\/1"}],"replies":[{"embeddable":true,"href":"https:\/\/datastorica.it\/blog\/wp-json\/wp\/v2\/comments?post=13027"}],"version-history":[{"count":1,"href":"https:\/\/datastorica.it\/blog\/wp-json\/wp\/v2\/posts\/13027\/revisions"}],"predecessor-version":[{"id":13028,"href":"https:\/\/datastorica.it\/blog\/wp-json\/wp\/v2\/posts\/13027\/revisions\/13028"}],"wp:attachment":[{"href":"https:\/\/datastorica.it\/blog\/wp-json\/wp\/v2\/media?parent=13027"}],"wp:term":[{"taxonomy":"category","embeddable":true,"href":"https:\/\/datastorica.it\/blog\/wp-json\/wp\/v2\/categories?post=13027"},{"taxonomy":"post_tag","embeddable":true,"href":"https:\/\/datastorica.it\/blog\/wp-json\/wp\/v2\/tags?post=13027"}],"curies":[{"name":"wp","href":"https:\/\/api.w.org\/{rel}","templated":true}]}}