{"id":13036,"date":"2017-09-22T13:15:41","date_gmt":"2017-09-22T11:15:41","guid":{"rendered":"http:\/\/datastorica.agenziacalendario.com\/?p=13036"},"modified":"2017-09-22T10:00:59","modified_gmt":"2017-09-22T08:00:59","slug":"dieci-anni-fa-autorizzata-lestradizione-di-alberto-fujimori-ex-presidente-del-peru","status":"publish","type":"post","link":"https:\/\/datastorica.it\/blog\/2017\/09\/22\/dieci-anni-fa-autorizzata-lestradizione-di-alberto-fujimori-ex-presidente-del-peru\/","title":{"rendered":"Dieci anni fa autorizzata l&#8217;estradizione di Alberto Fujimori, ex presidente del Per\u00f9"},"content":{"rendered":"<p>Il 22 settembre 2007 a Santiago del Cile (Cile) la Corte Suprema cilena autorizza l\u2019estradizione di Alberto Fujimori, detenuto in un carcere cileno di massima sicurezza, accusato di corruzione e atrocit\u00e0. Fujimori, nato il 28 luglio 1938 a Lima (Per\u00f9) da immigrati giapponesi, \u00e8 presidente del Per\u00f9 dal 28 luglio 1990 al 17 novembre 2000. Il suo governo si contraddistingue per lo stile decisamente autoritario, specialmente dopo il 1992, quando sono praticamente cancellate le libert\u00e0 democratiche.<\/p>\n","protected":false},"excerpt":{"rendered":"<p>Il 22 settembre 2007 a Santiago del Cile (Cile) la Corte Suprema cilena autorizza l\u2019estradizione di Alberto Fujimori, detenuto in un carcere cileno di massima sicurezza, accusato di corruzione e atrocit\u00e0. Fujimori, nato il 28 luglio 1938 a Lima (Per\u00f9) da immigrati giapponesi, \u00e8 presidente del Per\u00f9 dal 28 luglio 1990 al 17 novembre 2000. [&hellip;]<\/p>\n","protected":false},"author":1,"featured_media":0,"comment_status":"open","ping_status":"open","sticky":false,"template":"","format":"standard","meta":{"footnotes":""},"categories":[],"tags":[],"class_list":["post-13036","post","type-post","status-publish","format-standard","hentry"],"_links":{"self":[{"href":"https:\/\/datastorica.it\/blog\/wp-json\/wp\/v2\/posts\/13036","targetHints":{"allow":["GET"]}}],"collection":[{"href":"https:\/\/datastorica.it\/blog\/wp-json\/wp\/v2\/posts"}],"about":[{"href":"https:\/\/datastorica.it\/blog\/wp-json\/wp\/v2\/types\/post"}],"author":[{"embeddable":true,"href":"https:\/\/datastorica.it\/blog\/wp-json\/wp\/v2\/users\/1"}],"replies":[{"embeddable":true,"href":"https:\/\/datastorica.it\/blog\/wp-json\/wp\/v2\/comments?post=13036"}],"version-history":[{"count":1,"href":"https:\/\/datastorica.it\/blog\/wp-json\/wp\/v2\/posts\/13036\/revisions"}],"predecessor-version":[{"id":13037,"href":"https:\/\/datastorica.it\/blog\/wp-json\/wp\/v2\/posts\/13036\/revisions\/13037"}],"wp:attachment":[{"href":"https:\/\/datastorica.it\/blog\/wp-json\/wp\/v2\/media?parent=13036"}],"wp:term":[{"taxonomy":"category","embeddable":true,"href":"https:\/\/datastorica.it\/blog\/wp-json\/wp\/v2\/categories?post=13036"},{"taxonomy":"post_tag","embeddable":true,"href":"https:\/\/datastorica.it\/blog\/wp-json\/wp\/v2\/tags?post=13036"}],"curies":[{"name":"wp","href":"https:\/\/api.w.org\/{rel}","templated":true}]}}