{"id":13066,"date":"2017-09-24T10:16:00","date_gmt":"2017-09-24T08:16:00","guid":{"rendered":"http:\/\/datastorica.agenziacalendario.com\/?p=13066"},"modified":"2017-09-23T22:17:52","modified_gmt":"2017-09-23T20:17:52","slug":"150-anni-fa-garibaldi-arrestato-per-ordine-di-rattazzi","status":"publish","type":"post","link":"https:\/\/datastorica.it\/blog\/2017\/09\/24\/150-anni-fa-garibaldi-arrestato-per-ordine-di-rattazzi\/","title":{"rendered":"150 anni fa Garibaldi arrestato per ordine di Rattazzi"},"content":{"rendered":"<p>Il 24 settembre 1867 a Sinalunga (Siena) per impedire a Giuseppe Garibaldi di marciare su Roma, l&#8217;esercito lo arresta nel Palazzo Agnolucci. L&#8217;Eroe dei due mondi \u00e8 tradotto nella fortezza di Alessandria, ma la notizia dell&#8217;arresto provocher\u00e0 in molte citt\u00e0 disordini e dimostrazioni contro il primo ministro Urbano Rattazzi. La protesta popolare obbligher\u00e0 il governo a liberare Garibaldi due giorni dopo l&#8217;arresto. Sar\u00e0 condotto in soggiorno obbligato sull&#8217;isola di Caprera.<\/p>\n","protected":false},"excerpt":{"rendered":"<p>Il 24 settembre 1867 a Sinalunga (Siena) per impedire a Giuseppe Garibaldi di marciare su Roma, l&#8217;esercito lo arresta nel Palazzo Agnolucci. L&#8217;Eroe dei due mondi \u00e8 tradotto nella fortezza di Alessandria, ma la notizia dell&#8217;arresto provocher\u00e0 in molte citt\u00e0 disordini e dimostrazioni contro il primo ministro Urbano Rattazzi. La protesta popolare obbligher\u00e0 il governo [&hellip;]<\/p>\n","protected":false},"author":1,"featured_media":0,"comment_status":"open","ping_status":"open","sticky":false,"template":"","format":"standard","meta":{"footnotes":""},"categories":[],"tags":[],"class_list":["post-13066","post","type-post","status-publish","format-standard","hentry"],"_links":{"self":[{"href":"https:\/\/datastorica.it\/blog\/wp-json\/wp\/v2\/posts\/13066","targetHints":{"allow":["GET"]}}],"collection":[{"href":"https:\/\/datastorica.it\/blog\/wp-json\/wp\/v2\/posts"}],"about":[{"href":"https:\/\/datastorica.it\/blog\/wp-json\/wp\/v2\/types\/post"}],"author":[{"embeddable":true,"href":"https:\/\/datastorica.it\/blog\/wp-json\/wp\/v2\/users\/1"}],"replies":[{"embeddable":true,"href":"https:\/\/datastorica.it\/blog\/wp-json\/wp\/v2\/comments?post=13066"}],"version-history":[{"count":1,"href":"https:\/\/datastorica.it\/blog\/wp-json\/wp\/v2\/posts\/13066\/revisions"}],"predecessor-version":[{"id":13067,"href":"https:\/\/datastorica.it\/blog\/wp-json\/wp\/v2\/posts\/13066\/revisions\/13067"}],"wp:attachment":[{"href":"https:\/\/datastorica.it\/blog\/wp-json\/wp\/v2\/media?parent=13066"}],"wp:term":[{"taxonomy":"category","embeddable":true,"href":"https:\/\/datastorica.it\/blog\/wp-json\/wp\/v2\/categories?post=13066"},{"taxonomy":"post_tag","embeddable":true,"href":"https:\/\/datastorica.it\/blog\/wp-json\/wp\/v2\/tags?post=13066"}],"curies":[{"name":"wp","href":"https:\/\/api.w.org\/{rel}","templated":true}]}}