{"id":13080,"date":"2017-09-26T08:01:54","date_gmt":"2017-09-26T06:01:54","guid":{"rendered":"http:\/\/datastorica.agenziacalendario.com\/?p=13080"},"modified":"2017-09-25T21:03:31","modified_gmt":"2017-09-25T19:03:31","slug":"230-anni-fa-ll-partenone-e-danneggiato-da-unesplosione","status":"publish","type":"post","link":"https:\/\/datastorica.it\/blog\/2017\/09\/26\/230-anni-fa-ll-partenone-e-danneggiato-da-unesplosione\/","title":{"rendered":"230 anni fa ll Partenone \u00e8 danneggiato da un&#8217;esplosione"},"content":{"rendered":"<p>Il 26 settembre 1687 a Atene (Grecia) durante l&#8217;assedio della citt\u00e0 da parte dei veneziani nella guerra contro i turchi, il Partenone \u00e8 colpito da una cannonata che fa scoppiare la polvere da sparo l\u00ec depositata dai turchi che lo hanno adibito a polveriera; l&#8217;esplosione danneggia severamente il Partenone e le sue sculture. Edificato al posto di un grande tempio arcaico (Hekat\u00f3mpedon), poi sostituito da un tempio incompiuto (distrutto durante il saccheggio persiano del 480 a.C.), il Partenone \u00e8 iniziato, su ordine di Pericle, nel 447 a.C., consacrato nel 438 a.C. e concluso nel 432 a.C. E&#8217; considerato il principale monumento dell&#8217;arte greca e una delle pi\u00f9 alte testimonianze della civilt\u00e0 occidentale.<\/p>\n","protected":false},"excerpt":{"rendered":"<p>Il 26 settembre 1687 a Atene (Grecia) durante l&#8217;assedio della citt\u00e0 da parte dei veneziani nella guerra contro i turchi, il Partenone \u00e8 colpito da una cannonata che fa scoppiare la polvere da sparo l\u00ec depositata dai turchi che lo hanno adibito a polveriera; l&#8217;esplosione danneggia severamente il Partenone e le sue sculture. Edificato al [&hellip;]<\/p>\n","protected":false},"author":1,"featured_media":0,"comment_status":"open","ping_status":"open","sticky":false,"template":"","format":"standard","meta":{"footnotes":""},"categories":[],"tags":[],"class_list":["post-13080","post","type-post","status-publish","format-standard","hentry"],"_links":{"self":[{"href":"https:\/\/datastorica.it\/blog\/wp-json\/wp\/v2\/posts\/13080","targetHints":{"allow":["GET"]}}],"collection":[{"href":"https:\/\/datastorica.it\/blog\/wp-json\/wp\/v2\/posts"}],"about":[{"href":"https:\/\/datastorica.it\/blog\/wp-json\/wp\/v2\/types\/post"}],"author":[{"embeddable":true,"href":"https:\/\/datastorica.it\/blog\/wp-json\/wp\/v2\/users\/1"}],"replies":[{"embeddable":true,"href":"https:\/\/datastorica.it\/blog\/wp-json\/wp\/v2\/comments?post=13080"}],"version-history":[{"count":1,"href":"https:\/\/datastorica.it\/blog\/wp-json\/wp\/v2\/posts\/13080\/revisions"}],"predecessor-version":[{"id":13081,"href":"https:\/\/datastorica.it\/blog\/wp-json\/wp\/v2\/posts\/13080\/revisions\/13081"}],"wp:attachment":[{"href":"https:\/\/datastorica.it\/blog\/wp-json\/wp\/v2\/media?parent=13080"}],"wp:term":[{"taxonomy":"category","embeddable":true,"href":"https:\/\/datastorica.it\/blog\/wp-json\/wp\/v2\/categories?post=13080"},{"taxonomy":"post_tag","embeddable":true,"href":"https:\/\/datastorica.it\/blog\/wp-json\/wp\/v2\/tags?post=13080"}],"curies":[{"name":"wp","href":"https:\/\/api.w.org\/{rel}","templated":true}]}}