{"id":13125,"date":"2017-09-29T08:00:29","date_gmt":"2017-09-29T06:00:29","guid":{"rendered":"http:\/\/datastorica.agenziacalendario.com\/?p=13125"},"modified":"2017-09-28T22:20:03","modified_gmt":"2017-09-28T20:20:03","slug":"790-anni-fa-papa-gregorio-ix-scomunica-limperatore-tedesco-federico-ii-di-svevia","status":"publish","type":"post","link":"https:\/\/datastorica.it\/blog\/2017\/09\/29\/790-anni-fa-papa-gregorio-ix-scomunica-limperatore-tedesco-federico-ii-di-svevia\/","title":{"rendered":"790 anni fa Papa Gregorio IX scomunica l&#8217;imperatore tedesco Federico II di Svevia"},"content":{"rendered":"<p>Il 29 settembre 1227 nella Cattedrale di Bitonto Papa Gregorio IX scomunica l&#8217;imperatore tedesco Federico II di Svevia non credendo completamente alla malattia dell&#8217;Imperatore che &#8211; partito per la sesta Crociata in ottemperanza ad un patto con Papa Onorio III &#8211; sbarca a Otranto rinunciando all&#8217;impresa e alla parola data. La scomunica, tuttavia, non \u00e8 seguita dalla deposizione, perch\u00e9 l&#8217;autorit\u00e0 di Federico II \u00e8 notevole. Il fatto comunque suscita malumore tra molti sovrani europei. Federico II intanto si reca a Pozzuoli per rimettersi in salute e nel dicembre 1227 risponde al pontefice che entro il maggio 1228 avrebbe avviato la crociata; ma il Papa, non credendo alle sue dichiarazioni, ribadisce la scomunica per l&#8217;inadempienza del trattato stipulato con il precedente pontefice.<\/p>\n","protected":false},"excerpt":{"rendered":"<p>Il 29 settembre 1227 nella Cattedrale di Bitonto Papa Gregorio IX scomunica l&#8217;imperatore tedesco Federico II di Svevia non credendo completamente alla malattia dell&#8217;Imperatore che &#8211; partito per la sesta Crociata in ottemperanza ad un patto con Papa Onorio III &#8211; sbarca a Otranto rinunciando all&#8217;impresa e alla parola data. La scomunica, tuttavia, non \u00e8 [&hellip;]<\/p>\n","protected":false},"author":1,"featured_media":0,"comment_status":"open","ping_status":"open","sticky":false,"template":"","format":"standard","meta":{"footnotes":""},"categories":[],"tags":[],"class_list":["post-13125","post","type-post","status-publish","format-standard","hentry"],"_links":{"self":[{"href":"https:\/\/datastorica.it\/blog\/wp-json\/wp\/v2\/posts\/13125","targetHints":{"allow":["GET"]}}],"collection":[{"href":"https:\/\/datastorica.it\/blog\/wp-json\/wp\/v2\/posts"}],"about":[{"href":"https:\/\/datastorica.it\/blog\/wp-json\/wp\/v2\/types\/post"}],"author":[{"embeddable":true,"href":"https:\/\/datastorica.it\/blog\/wp-json\/wp\/v2\/users\/1"}],"replies":[{"embeddable":true,"href":"https:\/\/datastorica.it\/blog\/wp-json\/wp\/v2\/comments?post=13125"}],"version-history":[{"count":1,"href":"https:\/\/datastorica.it\/blog\/wp-json\/wp\/v2\/posts\/13125\/revisions"}],"predecessor-version":[{"id":13126,"href":"https:\/\/datastorica.it\/blog\/wp-json\/wp\/v2\/posts\/13125\/revisions\/13126"}],"wp:attachment":[{"href":"https:\/\/datastorica.it\/blog\/wp-json\/wp\/v2\/media?parent=13125"}],"wp:term":[{"taxonomy":"category","embeddable":true,"href":"https:\/\/datastorica.it\/blog\/wp-json\/wp\/v2\/categories?post=13125"},{"taxonomy":"post_tag","embeddable":true,"href":"https:\/\/datastorica.it\/blog\/wp-json\/wp\/v2\/tags?post=13125"}],"curies":[{"name":"wp","href":"https:\/\/api.w.org\/{rel}","templated":true}]}}