{"id":13135,"date":"2017-09-29T11:45:36","date_gmt":"2017-09-29T09:45:36","guid":{"rendered":"http:\/\/datastorica.agenziacalendario.com\/?p=13135"},"modified":"2017-09-28T22:28:52","modified_gmt":"2017-09-28T20:28:52","slug":"80-anni-fa-atletica-muore-ray-ewry-campione-olimpico-del-salto-da-fermo","status":"publish","type":"post","link":"https:\/\/datastorica.it\/blog\/2017\/09\/29\/80-anni-fa-atletica-muore-ray-ewry-campione-olimpico-del-salto-da-fermo\/","title":{"rendered":"80 anni fa, Atletica: muore Ray Ewry, campione olimpico del salto da fermo"},"content":{"rendered":"<p>Il 29 settembre 1937 muore a Douglaston (New York, Usa) il saltatore Ray Ewry, soprannominato la &#8220;rana umana&#8221;. Raymond &#8220;Ray&#8221; Clarence Ewry nasce il 14 ottobre 1873 a Lafayette (Indiana, Usa) e da bambino contrae la poliomielite, che lo costringe sulla sedia a rotelle: grazie a un intensissimo programma di riabilitazione guadagna una potenza muscolare invidiabile e pu\u00f2 abbandonare la sedia a rotelle. All&#8217;universit\u00e0 si dedica all&#8217;atletica, in particolare al salto da fermo: in questa specialit\u00e0 guadagner\u00e0 in tutto 10 medaglie d&#8217;oro alle Olimpiadi: nel 1900 a Parigi (Francia), nel 1904 a St. Louis (Missouri, Usa) e e nel 1908 a Londra (Inghilterra).<\/p>\n","protected":false},"excerpt":{"rendered":"<p>Il 29 settembre 1937 muore a Douglaston (New York, Usa) il saltatore Ray Ewry, soprannominato la &#8220;rana umana&#8221;. Raymond &#8220;Ray&#8221; Clarence Ewry nasce il 14 ottobre 1873 a Lafayette (Indiana, Usa) e da bambino contrae la poliomielite, che lo costringe sulla sedia a rotelle: grazie a un intensissimo programma di riabilitazione guadagna una potenza muscolare [&hellip;]<\/p>\n","protected":false},"author":1,"featured_media":0,"comment_status":"open","ping_status":"open","sticky":false,"template":"","format":"standard","meta":{"footnotes":""},"categories":[],"tags":[],"class_list":["post-13135","post","type-post","status-publish","format-standard","hentry"],"_links":{"self":[{"href":"https:\/\/datastorica.it\/blog\/wp-json\/wp\/v2\/posts\/13135","targetHints":{"allow":["GET"]}}],"collection":[{"href":"https:\/\/datastorica.it\/blog\/wp-json\/wp\/v2\/posts"}],"about":[{"href":"https:\/\/datastorica.it\/blog\/wp-json\/wp\/v2\/types\/post"}],"author":[{"embeddable":true,"href":"https:\/\/datastorica.it\/blog\/wp-json\/wp\/v2\/users\/1"}],"replies":[{"embeddable":true,"href":"https:\/\/datastorica.it\/blog\/wp-json\/wp\/v2\/comments?post=13135"}],"version-history":[{"count":1,"href":"https:\/\/datastorica.it\/blog\/wp-json\/wp\/v2\/posts\/13135\/revisions"}],"predecessor-version":[{"id":13136,"href":"https:\/\/datastorica.it\/blog\/wp-json\/wp\/v2\/posts\/13135\/revisions\/13136"}],"wp:attachment":[{"href":"https:\/\/datastorica.it\/blog\/wp-json\/wp\/v2\/media?parent=13135"}],"wp:term":[{"taxonomy":"category","embeddable":true,"href":"https:\/\/datastorica.it\/blog\/wp-json\/wp\/v2\/categories?post=13135"},{"taxonomy":"post_tag","embeddable":true,"href":"https:\/\/datastorica.it\/blog\/wp-json\/wp\/v2\/tags?post=13135"}],"curies":[{"name":"wp","href":"https:\/\/api.w.org\/{rel}","templated":true}]}}