{"id":13358,"date":"2017-10-13T08:43:21","date_gmt":"2017-10-13T06:43:21","guid":{"rendered":"http:\/\/www.datastorica.it\/?p=13358"},"modified":"2017-10-12T18:46:36","modified_gmt":"2017-10-12T16:46:36","slug":"110-anni-fa-nasce-il-regista-yves-allegret-gira-film-socialmente-impegnati","status":"publish","type":"post","link":"https:\/\/datastorica.it\/blog\/2017\/10\/13\/110-anni-fa-nasce-il-regista-yves-allegret-gira-film-socialmente-impegnati\/","title":{"rendered":"110 anni fa nasce il regista Yves All\u00e9gret, gira film socialmente impegnati"},"content":{"rendered":"<p>Il 13 ottobre 1907 nasce ad Asni\u00e8res-sur-Seine (Francia) il regista Yves All\u00e9gret; fratello di Marc, eredita dal cinema \u201cnero\u201d d&#8217;anteguerra un pessimismo integrale, di cui &#8220;Gli orgogliosi&#8221;, girato in Messico nel 1953, \u00e8 la punta di maggior effetto. In seguito gira film socialmente impegnati ma altrettanto schematici (Gli anni che non ritornano, 1956; Germinal, 1963; L&#8217;invasione, 1970). Yves Allegr\u00e9t muore il 31 gennaio 1987 a Parigi (Francia).<\/p>\n","protected":false},"excerpt":{"rendered":"<p>Il 13 ottobre 1907 nasce ad Asni\u00e8res-sur-Seine (Francia) il regista Yves All\u00e9gret; fratello di Marc, eredita dal cinema \u201cnero\u201d d&#8217;anteguerra un pessimismo integrale, di cui &#8220;Gli orgogliosi&#8221;, girato in Messico nel 1953, \u00e8 la punta di maggior effetto. In seguito gira film socialmente impegnati ma altrettanto schematici (Gli anni che non ritornano, 1956; Germinal, 1963; [&hellip;]<\/p>\n","protected":false},"author":1,"featured_media":0,"comment_status":"open","ping_status":"open","sticky":false,"template":"","format":"standard","meta":{"footnotes":""},"categories":[],"tags":[],"class_list":["post-13358","post","type-post","status-publish","format-standard","hentry"],"_links":{"self":[{"href":"https:\/\/datastorica.it\/blog\/wp-json\/wp\/v2\/posts\/13358","targetHints":{"allow":["GET"]}}],"collection":[{"href":"https:\/\/datastorica.it\/blog\/wp-json\/wp\/v2\/posts"}],"about":[{"href":"https:\/\/datastorica.it\/blog\/wp-json\/wp\/v2\/types\/post"}],"author":[{"embeddable":true,"href":"https:\/\/datastorica.it\/blog\/wp-json\/wp\/v2\/users\/1"}],"replies":[{"embeddable":true,"href":"https:\/\/datastorica.it\/blog\/wp-json\/wp\/v2\/comments?post=13358"}],"version-history":[{"count":1,"href":"https:\/\/datastorica.it\/blog\/wp-json\/wp\/v2\/posts\/13358\/revisions"}],"predecessor-version":[{"id":13359,"href":"https:\/\/datastorica.it\/blog\/wp-json\/wp\/v2\/posts\/13358\/revisions\/13359"}],"wp:attachment":[{"href":"https:\/\/datastorica.it\/blog\/wp-json\/wp\/v2\/media?parent=13358"}],"wp:term":[{"taxonomy":"category","embeddable":true,"href":"https:\/\/datastorica.it\/blog\/wp-json\/wp\/v2\/categories?post=13358"},{"taxonomy":"post_tag","embeddable":true,"href":"https:\/\/datastorica.it\/blog\/wp-json\/wp\/v2\/tags?post=13358"}],"curies":[{"name":"wp","href":"https:\/\/api.w.org\/{rel}","templated":true}]}}