{"id":134,"date":"2011-05-28T11:10:19","date_gmt":"2011-05-28T09:10:19","guid":{"rendered":"http:\/\/agenziacalendario.com\/wp\/?p=134"},"modified":"2011-05-27T22:12:51","modified_gmt":"2011-05-27T20:12:51","slug":"viene-fondata-lorganizzazione-per-i-diritti-umani-amnesty-international","status":"publish","type":"post","link":"https:\/\/datastorica.it\/blog\/2011\/05\/28\/viene-fondata-lorganizzazione-per-i-diritti-umani-amnesty-international\/","title":{"rendered":"Viene fondata l&#8217;organizzazione per i diritti umani Amnesty International"},"content":{"rendered":"<p><a href=\"http:\/\/agenziacalendario.com\/wp\/wp-content\/uploads\/2011\/05\/Francobollo_70.jpg\"><img loading=\"lazy\" decoding=\"async\" class=\"alignleft size-full wp-image-135\" title=\"Francobollo_70\" src=\"http:\/\/agenziacalendario.com\/wp\/wp-content\/uploads\/2011\/05\/Francobollo_70.jpg\" alt=\"\" width=\"70\" height=\"82\" \/><\/a>Il 28 maggio 1961 l&#8217;avvocato inglese Peter Benenson lancia dalle colonne del quotidiano di Londra (Inghilterra) The Observer un &#8220;Appello per l&#8217;amnistia&#8221;: il suo articolo, intitolato &#8220;I prigionieri dimenticati&#8221;, racconta la vicenda di due studenti portoghesi arrestati per aver brindato alla libert\u00e0, iniziando\u00a0 cos\u00ec una campagna per l&#8217;amnistia dei prigionieri di coscienza e l&#8217;avventura di Amnesty International. Amnesty International \u00e8 un&#8217;Organizzazione non governativa indipendente, una comunit\u00e0 globale di difensori dei diritti umani che si riconosce nei principi della solidariet\u00e0 internazionale. Amnesty International riceve il premio Nobel per la Pace nel 1977 per aver &#8220;contribuito a rafforzare la libert\u00e0, la giustizia e conseguentemente anche la pace nel mondo&#8221;.<\/p>\n","protected":false},"excerpt":{"rendered":"<p>Il 28 maggio 1961 l&#8217;avvocato inglese Peter Benenson lancia dalle colonne del quotidiano di Londra (Inghilterra) The Observer un &#8220;Appello per l&#8217;amnistia&#8221;: il suo articolo, intitolato &#8220;I prigionieri dimenticati&#8221;, racconta la vicenda di due studenti portoghesi arrestati per aver brindato alla libert\u00e0, iniziando\u00a0 cos\u00ec una campagna per l&#8217;amnistia dei prigionieri di coscienza e l&#8217;avventura di [&hellip;]<\/p>\n","protected":false},"author":1,"featured_media":0,"comment_status":"open","ping_status":"open","sticky":false,"template":"","format":"standard","meta":{"footnotes":""},"categories":[],"tags":[],"class_list":["post-134","post","type-post","status-publish","format-standard","hentry"],"_links":{"self":[{"href":"https:\/\/datastorica.it\/blog\/wp-json\/wp\/v2\/posts\/134","targetHints":{"allow":["GET"]}}],"collection":[{"href":"https:\/\/datastorica.it\/blog\/wp-json\/wp\/v2\/posts"}],"about":[{"href":"https:\/\/datastorica.it\/blog\/wp-json\/wp\/v2\/types\/post"}],"author":[{"embeddable":true,"href":"https:\/\/datastorica.it\/blog\/wp-json\/wp\/v2\/users\/1"}],"replies":[{"embeddable":true,"href":"https:\/\/datastorica.it\/blog\/wp-json\/wp\/v2\/comments?post=134"}],"version-history":[{"count":1,"href":"https:\/\/datastorica.it\/blog\/wp-json\/wp\/v2\/posts\/134\/revisions"}],"predecessor-version":[{"id":136,"href":"https:\/\/datastorica.it\/blog\/wp-json\/wp\/v2\/posts\/134\/revisions\/136"}],"wp:attachment":[{"href":"https:\/\/datastorica.it\/blog\/wp-json\/wp\/v2\/media?parent=134"}],"wp:term":[{"taxonomy":"category","embeddable":true,"href":"https:\/\/datastorica.it\/blog\/wp-json\/wp\/v2\/categories?post=134"},{"taxonomy":"post_tag","embeddable":true,"href":"https:\/\/datastorica.it\/blog\/wp-json\/wp\/v2\/tags?post=134"}],"curies":[{"name":"wp","href":"https:\/\/api.w.org\/{rel}","templated":true}]}}