{"id":14240,"date":"2018-04-12T14:51:49","date_gmt":"2018-04-12T12:51:49","guid":{"rendered":"http:\/\/www.datastorica.it\/?p=14240"},"modified":"2018-04-12T11:22:53","modified_gmt":"2018-04-12T09:22:53","slug":"dieci-anni-fa-piu-donne-che-uomini-nel-nuovo-governo-zapatero","status":"publish","type":"post","link":"https:\/\/datastorica.it\/blog\/2018\/04\/12\/dieci-anni-fa-piu-donne-che-uomini-nel-nuovo-governo-zapatero\/","title":{"rendered":"Dieci anni fa pi\u00f9 donne che uomini nel nuovo Governo Zapatero"},"content":{"rendered":"<p>Il 12 aprile 2008 a Madrid (Spagna) per la prima volta nella storia della Spagna un governo ha pi\u00f9 donne (9) che uomini (8). Avviene nel secondo Governo Zapatero in cui le donne conquistano la maggioranza delle cariche ministeriali. In particolare: Carm\u00e9 Chacvon Diaz, che \u00e8 incinta, \u00e8 il nuovo Ministro della Difesa mentre la 31enne Bibiana Aid\u00f2 \u00e8 la responsabile del nuovo Ministero dell&#8217;Uguaglianza. Nel 2004, il primo Governo zapatero aveva 8 donne e altrettanti uomini.<\/p>\n","protected":false},"excerpt":{"rendered":"<p>Il 12 aprile 2008 a Madrid (Spagna) per la prima volta nella storia della Spagna un governo ha pi\u00f9 donne (9) che uomini (8). Avviene nel secondo Governo Zapatero in cui le donne conquistano la maggioranza delle cariche ministeriali. In particolare: Carm\u00e9 Chacvon Diaz, che \u00e8 incinta, \u00e8 il nuovo Ministro della Difesa mentre la [&hellip;]<\/p>\n","protected":false},"author":1,"featured_media":0,"comment_status":"open","ping_status":"open","sticky":false,"template":"","format":"standard","meta":{"footnotes":""},"categories":[],"tags":[],"class_list":["post-14240","post","type-post","status-publish","format-standard","hentry"],"_links":{"self":[{"href":"https:\/\/datastorica.it\/blog\/wp-json\/wp\/v2\/posts\/14240","targetHints":{"allow":["GET"]}}],"collection":[{"href":"https:\/\/datastorica.it\/blog\/wp-json\/wp\/v2\/posts"}],"about":[{"href":"https:\/\/datastorica.it\/blog\/wp-json\/wp\/v2\/types\/post"}],"author":[{"embeddable":true,"href":"https:\/\/datastorica.it\/blog\/wp-json\/wp\/v2\/users\/1"}],"replies":[{"embeddable":true,"href":"https:\/\/datastorica.it\/blog\/wp-json\/wp\/v2\/comments?post=14240"}],"version-history":[{"count":1,"href":"https:\/\/datastorica.it\/blog\/wp-json\/wp\/v2\/posts\/14240\/revisions"}],"predecessor-version":[{"id":14241,"href":"https:\/\/datastorica.it\/blog\/wp-json\/wp\/v2\/posts\/14240\/revisions\/14241"}],"wp:attachment":[{"href":"https:\/\/datastorica.it\/blog\/wp-json\/wp\/v2\/media?parent=14240"}],"wp:term":[{"taxonomy":"category","embeddable":true,"href":"https:\/\/datastorica.it\/blog\/wp-json\/wp\/v2\/categories?post=14240"},{"taxonomy":"post_tag","embeddable":true,"href":"https:\/\/datastorica.it\/blog\/wp-json\/wp\/v2\/tags?post=14240"}],"curies":[{"name":"wp","href":"https:\/\/api.w.org\/{rel}","templated":true}]}}