{"id":14302,"date":"2018-04-17T12:17:01","date_gmt":"2018-04-17T10:17:01","guid":{"rendered":"http:\/\/www.datastorica.it\/?p=14302"},"modified":"2018-04-17T12:10:10","modified_gmt":"2018-04-17T10:10:10","slug":"90-anni-fa-nasce-francois-xavier-nguyen-van-thuan-cardinale-imprigionato-dai-vietcong","status":"publish","type":"post","link":"https:\/\/datastorica.it\/blog\/2018\/04\/17\/90-anni-fa-nasce-francois-xavier-nguyen-van-thuan-cardinale-imprigionato-dai-vietcong\/","title":{"rendered":"90 anni fa nasce Francois Xavier Nguyen Van Thuan, cardinale imprigionato dai vietcong"},"content":{"rendered":"<p>Il 17 aprile 1928 nasce a Hu\u00e8 (Vietnam) il futuro cardinale Francois Xavier Nguyen Van Thuan. L\u201911 giugno 1953 \u00e8 ordinato sacerdote e, dopo la laurea in Diritto Canonico conseguita a Roma nel 1959, torna in patria come professore e poi rettore del seminario, vicario generale e Vescovo di Nha Trang a partire dal 1967. Il 24 aprile 1975 \u00e8 promosso da Papa Paolo VI Arcivescovo Coadiutore di Saigon (oggi Ho Chi Min), ma pochi mesi dopo la sua nomina \u00e8 imprigionato dai vietcong. Sar\u00e0 scarcerato solo nel 1988. Torna in Italia, dove \u00e8 nominato Presidente del Pontificio Consiglio \u201cGiustizia e Pace\u201d e nel 2001 \u00e8 nominato Cardinale.Il cardinale Van Thuan muore il 16 settembre 2002 a Roma.<\/p>\n","protected":false},"excerpt":{"rendered":"<p>Il 17 aprile 1928 nasce a Hu\u00e8 (Vietnam) il futuro cardinale Francois Xavier Nguyen Van Thuan. L\u201911 giugno 1953 \u00e8 ordinato sacerdote e, dopo la laurea in Diritto Canonico conseguita a Roma nel 1959, torna in patria come professore e poi rettore del seminario, vicario generale e Vescovo di Nha Trang a partire dal 1967. [&hellip;]<\/p>\n","protected":false},"author":1,"featured_media":0,"comment_status":"open","ping_status":"open","sticky":false,"template":"","format":"standard","meta":{"footnotes":""},"categories":[],"tags":[],"class_list":["post-14302","post","type-post","status-publish","format-standard","hentry"],"_links":{"self":[{"href":"https:\/\/datastorica.it\/blog\/wp-json\/wp\/v2\/posts\/14302","targetHints":{"allow":["GET"]}}],"collection":[{"href":"https:\/\/datastorica.it\/blog\/wp-json\/wp\/v2\/posts"}],"about":[{"href":"https:\/\/datastorica.it\/blog\/wp-json\/wp\/v2\/types\/post"}],"author":[{"embeddable":true,"href":"https:\/\/datastorica.it\/blog\/wp-json\/wp\/v2\/users\/1"}],"replies":[{"embeddable":true,"href":"https:\/\/datastorica.it\/blog\/wp-json\/wp\/v2\/comments?post=14302"}],"version-history":[{"count":1,"href":"https:\/\/datastorica.it\/blog\/wp-json\/wp\/v2\/posts\/14302\/revisions"}],"predecessor-version":[{"id":14303,"href":"https:\/\/datastorica.it\/blog\/wp-json\/wp\/v2\/posts\/14302\/revisions\/14303"}],"wp:attachment":[{"href":"https:\/\/datastorica.it\/blog\/wp-json\/wp\/v2\/media?parent=14302"}],"wp:term":[{"taxonomy":"category","embeddable":true,"href":"https:\/\/datastorica.it\/blog\/wp-json\/wp\/v2\/categories?post=14302"},{"taxonomy":"post_tag","embeddable":true,"href":"https:\/\/datastorica.it\/blog\/wp-json\/wp\/v2\/tags?post=14302"}],"curies":[{"name":"wp","href":"https:\/\/api.w.org\/{rel}","templated":true}]}}