{"id":14316,"date":"2018-04-17T14:17:53","date_gmt":"2018-04-17T12:17:53","guid":{"rendered":"http:\/\/www.datastorica.it\/?p=14316"},"modified":"2018-04-17T12:18:53","modified_gmt":"2018-04-17T10:18:53","slug":"dieci-anni-fa-muore-il-poeta-e-scrittore-aime-cesaire-tra-i-creatori-della-negritudine","status":"publish","type":"post","link":"https:\/\/datastorica.it\/blog\/2018\/04\/17\/dieci-anni-fa-muore-il-poeta-e-scrittore-aime-cesaire-tra-i-creatori-della-negritudine\/","title":{"rendered":"Dieci anni fa muore il poeta e scrittore Aim\u00e9 C\u00e9saire, tra i creatori della negritudine"},"content":{"rendered":"<p>Il 17 aprile 2008 muore all&#8217;ospedale di Fort-de-France, capoluogo della Martinica (Francia) Aim\u00e9 C\u00e8saire, poeta e scrittore tra i creatori della negritudine, che diventer\u00e0 l&#8217;ideologia delle lotte dei neri per l&#8217;indipendenza. C\u00e8saire nasce il 26 giugno 1913 a Basse-Pointe, in Martinica, e si batte perch\u00e9 la sua isola si affranchi dal giogo francese: infatti nel 1946 la Martinica diventa un Dipartimento come gli altri sul territorio continentale e Aim\u00e9 la rappresenta come deputato all&#8217;Assemblea nazionale. Tra i pi\u00f9 famosi poeti surrealisti francesi, \u00e8 anche scrittore drammatico: il suo &#8220;Diario del ritorno al Paese natale, 1939), esplicita la sorte degli schiavi neri martinicani e l&#8217;espressione della speranza della loro liberazione dai colonizzatori francesi.<\/p>\n","protected":false},"excerpt":{"rendered":"<p>Il 17 aprile 2008 muore all&#8217;ospedale di Fort-de-France, capoluogo della Martinica (Francia) Aim\u00e9 C\u00e8saire, poeta e scrittore tra i creatori della negritudine, che diventer\u00e0 l&#8217;ideologia delle lotte dei neri per l&#8217;indipendenza. C\u00e8saire nasce il 26 giugno 1913 a Basse-Pointe, in Martinica, e si batte perch\u00e9 la sua isola si affranchi dal giogo francese: infatti nel [&hellip;]<\/p>\n","protected":false},"author":1,"featured_media":0,"comment_status":"open","ping_status":"open","sticky":false,"template":"","format":"standard","meta":{"footnotes":""},"categories":[],"tags":[],"class_list":["post-14316","post","type-post","status-publish","format-standard","hentry"],"_links":{"self":[{"href":"https:\/\/datastorica.it\/blog\/wp-json\/wp\/v2\/posts\/14316","targetHints":{"allow":["GET"]}}],"collection":[{"href":"https:\/\/datastorica.it\/blog\/wp-json\/wp\/v2\/posts"}],"about":[{"href":"https:\/\/datastorica.it\/blog\/wp-json\/wp\/v2\/types\/post"}],"author":[{"embeddable":true,"href":"https:\/\/datastorica.it\/blog\/wp-json\/wp\/v2\/users\/1"}],"replies":[{"embeddable":true,"href":"https:\/\/datastorica.it\/blog\/wp-json\/wp\/v2\/comments?post=14316"}],"version-history":[{"count":1,"href":"https:\/\/datastorica.it\/blog\/wp-json\/wp\/v2\/posts\/14316\/revisions"}],"predecessor-version":[{"id":14317,"href":"https:\/\/datastorica.it\/blog\/wp-json\/wp\/v2\/posts\/14316\/revisions\/14317"}],"wp:attachment":[{"href":"https:\/\/datastorica.it\/blog\/wp-json\/wp\/v2\/media?parent=14316"}],"wp:term":[{"taxonomy":"category","embeddable":true,"href":"https:\/\/datastorica.it\/blog\/wp-json\/wp\/v2\/categories?post=14316"},{"taxonomy":"post_tag","embeddable":true,"href":"https:\/\/datastorica.it\/blog\/wp-json\/wp\/v2\/tags?post=14316"}],"curies":[{"name":"wp","href":"https:\/\/api.w.org\/{rel}","templated":true}]}}