{"id":14408,"date":"2018-04-27T11:05:14","date_gmt":"2018-04-27T09:05:14","guid":{"rendered":"http:\/\/datastorica.agenziacalendario.com\/?p=14408"},"modified":"2018-04-27T11:05:14","modified_gmt":"2018-04-27T09:05:14","slug":"20-anni-fa-ucciso-il-vescovo-juan-gerardi-difensore-dei-diritti-umani","status":"publish","type":"post","link":"https:\/\/datastorica.it\/blog\/2018\/04\/27\/20-anni-fa-ucciso-il-vescovo-juan-gerardi-difensore-dei-diritti-umani\/","title":{"rendered":"20 anni fa ucciso il vescovo Juan Gerardi, difensore dei diritti umani"},"content":{"rendered":"<p>Il 26 aprile 1998 a Citt\u00e0 del Guatemala (Guatemala) il vescovo Juan Gerardi, di origine italiana, \u00e8 ucciso nel garage della casa parrocchiale della chiesa di San Sebastian. Gerardi nasce il 27 dicembre 1922 a Citt\u00e0 del Guatemala, una vita spesa a difendere i diritti civili della sua gente, pochi giorni prima aveva presentato il rapporto &#8220;Guatemala: Nunca Mas&#8221;, nel quale documenta oltre 55.000 violazioni dei diritti umani verificatesi nei 37 anni di guerra civile. Dal marzo 2005 il colonnello dell&#8217;esercito in pensione Disrael Lima Estrada, suo figlio, il capitano Byron Lima Oliva, e padre Mario Orantes, ex-segretario di monsignor Gerardi, scontano una condanna a 20 anni di prigione come complici nell&#8217;omicidio. Ancora non sono individuati n\u00e9 i mandanti, n\u00e9 gli esecutori materiali del crimine.<\/p>\n","protected":false},"excerpt":{"rendered":"<p>Il 26 aprile 1998 a Citt\u00e0 del Guatemala (Guatemala) il vescovo Juan Gerardi, di origine italiana, \u00e8 ucciso nel garage della casa parrocchiale della chiesa di San Sebastian. Gerardi nasce il 27 dicembre 1922 a Citt\u00e0 del Guatemala, una vita spesa a difendere i diritti civili della sua gente, pochi giorni prima aveva presentato il [&hellip;]<\/p>\n","protected":false},"author":1,"featured_media":0,"comment_status":"open","ping_status":"open","sticky":false,"template":"","format":"standard","meta":{"footnotes":""},"categories":[],"tags":[],"class_list":["post-14408","post","type-post","status-publish","format-standard","hentry"],"_links":{"self":[{"href":"https:\/\/datastorica.it\/blog\/wp-json\/wp\/v2\/posts\/14408","targetHints":{"allow":["GET"]}}],"collection":[{"href":"https:\/\/datastorica.it\/blog\/wp-json\/wp\/v2\/posts"}],"about":[{"href":"https:\/\/datastorica.it\/blog\/wp-json\/wp\/v2\/types\/post"}],"author":[{"embeddable":true,"href":"https:\/\/datastorica.it\/blog\/wp-json\/wp\/v2\/users\/1"}],"replies":[{"embeddable":true,"href":"https:\/\/datastorica.it\/blog\/wp-json\/wp\/v2\/comments?post=14408"}],"version-history":[{"count":1,"href":"https:\/\/datastorica.it\/blog\/wp-json\/wp\/v2\/posts\/14408\/revisions"}],"predecessor-version":[{"id":14409,"href":"https:\/\/datastorica.it\/blog\/wp-json\/wp\/v2\/posts\/14408\/revisions\/14409"}],"wp:attachment":[{"href":"https:\/\/datastorica.it\/blog\/wp-json\/wp\/v2\/media?parent=14408"}],"wp:term":[{"taxonomy":"category","embeddable":true,"href":"https:\/\/datastorica.it\/blog\/wp-json\/wp\/v2\/categories?post=14408"},{"taxonomy":"post_tag","embeddable":true,"href":"https:\/\/datastorica.it\/blog\/wp-json\/wp\/v2\/tags?post=14408"}],"curies":[{"name":"wp","href":"https:\/\/api.w.org\/{rel}","templated":true}]}}