{"id":14421,"date":"2018-04-28T09:30:07","date_gmt":"2018-04-28T07:30:07","guid":{"rendered":"http:\/\/datastorica.agenziacalendario.com\/?p=14421"},"modified":"2018-04-28T09:26:23","modified_gmt":"2018-04-28T07:26:23","slug":"180-anni-fa-nasce-tobias-carel-asser-nobel-per-la-pace-nel-1911","status":"publish","type":"post","link":"https:\/\/datastorica.it\/blog\/2018\/04\/28\/180-anni-fa-nasce-tobias-carel-asser-nobel-per-la-pace-nel-1911\/","title":{"rendered":"180 anni fa nasce Tobias Carel Asser, Nobel per la pace nel 1911"},"content":{"rendered":"<p>Il 28 aprile 1838 nasce a Amsterdam (Olanda) Tobias Michael Carel Asser, Nobel per la pace nel 1911. Professore di diritto commerciale e poi di diritto internazionale ad Amsterdam, compone diverse vertenze internazionali ed \u00e8 uno dei fondatori della Revue de droit international et de l\u00e9gislation compar\u00e9e (1869). Presiede alle Conferenze dell&#8217;Aia (Olanda) per codificare il diritto internazionale privato e per regolamentare in modo uniforme i cambi. Nel 1911 \u00e8 insignito del premio Nobel per la pace. Asser muore il 21 luglio 1913 a l&#8217;Aia.<\/p>\n","protected":false},"excerpt":{"rendered":"<p>Il 28 aprile 1838 nasce a Amsterdam (Olanda) Tobias Michael Carel Asser, Nobel per la pace nel 1911. Professore di diritto commerciale e poi di diritto internazionale ad Amsterdam, compone diverse vertenze internazionali ed \u00e8 uno dei fondatori della Revue de droit international et de l\u00e9gislation compar\u00e9e (1869). Presiede alle Conferenze dell&#8217;Aia (Olanda) per codificare [&hellip;]<\/p>\n","protected":false},"author":1,"featured_media":0,"comment_status":"open","ping_status":"open","sticky":false,"template":"","format":"standard","meta":{"footnotes":""},"categories":[],"tags":[],"class_list":["post-14421","post","type-post","status-publish","format-standard","hentry"],"_links":{"self":[{"href":"https:\/\/datastorica.it\/blog\/wp-json\/wp\/v2\/posts\/14421","targetHints":{"allow":["GET"]}}],"collection":[{"href":"https:\/\/datastorica.it\/blog\/wp-json\/wp\/v2\/posts"}],"about":[{"href":"https:\/\/datastorica.it\/blog\/wp-json\/wp\/v2\/types\/post"}],"author":[{"embeddable":true,"href":"https:\/\/datastorica.it\/blog\/wp-json\/wp\/v2\/users\/1"}],"replies":[{"embeddable":true,"href":"https:\/\/datastorica.it\/blog\/wp-json\/wp\/v2\/comments?post=14421"}],"version-history":[{"count":1,"href":"https:\/\/datastorica.it\/blog\/wp-json\/wp\/v2\/posts\/14421\/revisions"}],"predecessor-version":[{"id":14422,"href":"https:\/\/datastorica.it\/blog\/wp-json\/wp\/v2\/posts\/14421\/revisions\/14422"}],"wp:attachment":[{"href":"https:\/\/datastorica.it\/blog\/wp-json\/wp\/v2\/media?parent=14421"}],"wp:term":[{"taxonomy":"category","embeddable":true,"href":"https:\/\/datastorica.it\/blog\/wp-json\/wp\/v2\/categories?post=14421"},{"taxonomy":"post_tag","embeddable":true,"href":"https:\/\/datastorica.it\/blog\/wp-json\/wp\/v2\/tags?post=14421"}],"curies":[{"name":"wp","href":"https:\/\/api.w.org\/{rel}","templated":true}]}}